{"id":7580,"date":"2023-07-18T11:07:37","date_gmt":"2023-07-18T14:07:37","guid":{"rendered":"https:\/\/prefeitura.santarosa.rs.gov.br\/?p=7580"},"modified":"2024-10-07T09:53:11","modified_gmt":"2024-10-07T12:53:11","slug":"prefeitura-digital-274-servicos-online-estao-disponiveis-para-a-populacao","status":"publish","type":"post","link":"https:\/\/prefeitura.santarosa.rs.gov.br\/?p=7580","title":{"rendered":"<strong>Prefeitura Digital: 274 servi\u00e7os online est\u00e3o dispon\u00edveis para a popula\u00e7\u00e3o<\/strong>"},"content":{"rendered":"\n<figure class=\"wp-block-image size-full\"><img fetchpriority=\"high\" decoding=\"async\" width=\"860\" height=\"645\" src=\"https:\/\/prefeitura.santarosa.rs.gov.br\/wp-content\/uploads\/2023\/07\/Formato-Site-e-Portal-860X645-JPG-2023-07-18T105939.822.jpg\" alt=\"\" class=\"wp-image-7581\" srcset=\"https:\/\/prefeitura.santarosa.rs.gov.br\/wp-content\/uploads\/2023\/07\/Formato-Site-e-Portal-860X645-JPG-2023-07-18T105939.822.jpg 860w, https:\/\/prefeitura.santarosa.rs.gov.br\/wp-content\/uploads\/2023\/07\/Formato-Site-e-Portal-860X645-JPG-2023-07-18T105939.822-300x225.jpg 300w, https:\/\/prefeitura.santarosa.rs.gov.br\/wp-content\/uploads\/2023\/07\/Formato-Site-e-Portal-860X645-JPG-2023-07-18T105939.822-768x576.jpg 768w\" sizes=\"(max-width: 860px) 100vw, 860px\" \/><\/figure>\n\n\n\n<p>O projeto Prefeitura Digital continua avan\u00e7ando. A partir desta semana, mais 11 servi\u00e7os online est\u00e3o dispon\u00edveis para a popula\u00e7\u00e3o. O Governo Municipal atrav\u00e9s do Planejamento Estrat\u00e9gico tem investido em solu\u00e7\u00f5es que auxiliam tanto os cidad\u00e3os, quanto a pr\u00f3pria administra\u00e7\u00e3o. Na carta de servi\u00e7os do munic\u00edpio de Santa Rosa j\u00e1 s\u00e3o 274 servi\u00e7os oferecidos de forma digital. Acesso facilitado, mais agilidade e conforto para os santa-rosenses.<\/p>\n\n\n\n<p>O objetivo da Gest\u00e3o \u00e9 simplificar e facilitar cada vez mais, o acesso digital aos servi\u00e7os. O processo de melhoria cont\u00ednua que vem sendo implementado faz parte da desburocratiza\u00e7\u00e3o dos servi\u00e7os na prefeitura. O Secret\u00e1rio de Gest\u00e3o, Ademir Rosa, destaca os diversos benef\u00edcios, entre eles, a redu\u00e7\u00e3o de custos, a otimiza\u00e7\u00e3o do tempo e de materiais, al\u00e9m da agilidade no processo, \u201cTemos como prioridade as melhorias de processo. Estamos focados em melhorar nossos atendimentos, tanto internos como externos, simplificando as solicita\u00e7\u00f5es e oportunizando de forma online, os servi\u00e7os do munic\u00edpio que podem ser acessados em qualquer hor\u00e1rio e sem a necessidade de ir at\u00e9 a prefeitura\u201d.<\/p>\n\n\n\n<p>Confira abaixo os 11 servi\u00e7os que podem ser solicitados pelo site da prefeitura, atrav\u00e9s do link a seguir:<\/p>\n\n\n\n<p><a href=\"https:\/\/santarosa.atende.net\/autoatendimento\/servicos\/carta-de-servicos\/detalhar\/1\">https:\/\/santarosa.atende.net\/autoatendimento\/servicos\/carta-de-servicos\/detalhar\/1<\/a><\/p>\n\n\n\n<p>&#8211; Solicita\u00e7\u00e3o de instala\u00e7\u00e3o de abrigo\/parada de \u00f4nibus<\/p>\n\n\n\n<p>&#8211; Cadastro de condutores de aplicativo<\/p>\n\n\n\n<p>&#8211; Renova\u00e7\u00e3o de licen\u00e7a &#8211; Transporte escolar<\/p>\n\n\n\n<p>&#8211; Solicita\u00e7\u00f5es de sinaliza\u00e7\u00e3o no espa\u00e7o p\u00fablico<\/p>\n\n\n\n<p>&#8211; Baixa de infra\u00e7\u00e3o de tr\u00e2nsito<\/p>\n\n\n\n<p>&#8211; Solicita\u00e7\u00e3o de isen\u00e7\u00e3o de IPI<\/p>\n\n\n\n<p>&#8211; Solicita\u00e7\u00e3o de isen\u00e7\u00e3o de IPVA<\/p>\n\n\n\n<p>&#8211; Recurso \u00e0 JARI &#8211; Junta Administrativa de Recursos de Infra\u00e7\u00e3o<\/p>\n\n\n\n<p>&#8211; Defesa Pr\u00e9via de Autua\u00e7\u00e3o de Infra\u00e7\u00e3o de Tr\u00e2nsito<\/p>\n\n\n\n<p>&#8211; Uso indevido do passe livre estudantil<\/p>\n\n\n\n<p>&#8211; Devolu\u00e7\u00e3o de valores em duplicidade ou pagos e convertido em advert\u00eancia<\/p>\n","protected":false},"excerpt":{"rendered":"<p>O projeto Prefeitura Digital continua avan\u00e7ando. A partir desta semana, mais 11 servi\u00e7os online est\u00e3o dispon\u00edveis para a popula\u00e7\u00e3o. O<\/p>\n","protected":false},"author":6,"featured_media":7582,"comment_status":"closed","ping_status":"closed","sticky":false,"template":"","format":"standard","meta":{"footnotes":""},"categories":[4,23],"tags":[],"class_list":["post-7580","post","type-post","status-publish","format-standard","has-post-thumbnail","hentry","category-noticias","category-secretaria-municipal-governanca-gestao"],"aioseo_notices":[],"_links":{"self":[{"href":"https:\/\/prefeitura.santarosa.rs.gov.br\/index.php?rest_route=\/wp\/v2\/posts\/7580","targetHints":{"allow":["GET"]}}],"collection":[{"href":"https:\/\/prefeitura.santarosa.rs.gov.br\/index.php?rest_route=\/wp\/v2\/posts"}],"about":[{"href":"https:\/\/prefeitura.santarosa.rs.gov.br\/index.php?rest_route=\/wp\/v2\/types\/post"}],"author":[{"embeddable":true,"href":"https:\/\/prefeitura.santarosa.rs.gov.br\/index.php?rest_route=\/wp\/v2\/users\/6"}],"replies":[{"embeddable":true,"href":"https:\/\/prefeitura.santarosa.rs.gov.br\/index.php?rest_route=%2Fwp%2Fv2%2Fcomments&post=7580"}],"version-history":[{"count":3,"href":"https:\/\/prefeitura.santarosa.rs.gov.br\/index.php?rest_route=\/wp\/v2\/posts\/7580\/revisions"}],"predecessor-version":[{"id":7585,"href":"https:\/\/prefeitura.santarosa.rs.gov.br\/index.php?rest_route=\/wp\/v2\/posts\/7580\/revisions\/7585"}],"wp:featuredmedia":[{"embeddable":true,"href":"https:\/\/prefeitura.santarosa.rs.gov.br\/index.php?rest_route=\/wp\/v2\/media\/7582"}],"wp:attachment":[{"href":"https:\/\/prefeitura.santarosa.rs.gov.br\/index.php?rest_route=%2Fwp%2Fv2%2Fmedia&parent=7580"}],"wp:term":[{"taxonomy":"category","embeddable":true,"href":"https:\/\/prefeitura.santarosa.rs.gov.br\/index.php?rest_route=%2Fwp%2Fv2%2Fcategories&post=7580"},{"taxonomy":"post_tag","embeddable":true,"href":"https:\/\/prefeitura.santarosa.rs.gov.br\/index.php?rest_route=%2Fwp%2Fv2%2Ftags&post=7580"}],"curies":[{"name":"wp","href":"https:\/\/api.w.org\/{rel}","templated":true}]}}