{"id":755,"date":"2021-11-03T14:05:00","date_gmt":"2021-11-03T17:05:00","guid":{"rendered":"https:\/\/prefeitura.santarosa.rs.gov.br\/?p=755"},"modified":"2024-10-07T09:54:42","modified_gmt":"2024-10-07T12:54:42","slug":"comecou-o-atendimento-na-central-de-vacinas-covid-19","status":"publish","type":"post","link":"https:\/\/prefeitura.santarosa.rs.gov.br\/?p=755","title":{"rendered":"Come\u00e7ou o atendimento na Central de Vacinas &#8211; COVID-19"},"content":{"rendered":"\n<p>A aplica\u00e7\u00e3o vai acontecer conforme os grupos e faixas et\u00e1rias divulgados no site da Funda\u00e7\u00e3o, no menu COVID-19, na aba \u201cQuem pode se Vacinar Agora?\u201d.<\/p>\n\n\n\n<p>Iniciou nesta quarta-feira (03\/11), o atendimento na Central de Vacinas &#8211; COVID-19. A FUMSSAR concentrou a aplica\u00e7\u00e3o das doses em dois locais de Santa Rosa. A vacina\u00e7\u00e3o realizada na Central de Vacinas, n\u00e3o precisar\u00e1 mais ser agendada previamente. Nas segundas, ter\u00e7as e quintas-feiras v\u00e3o ser aplicadas segundas doses (D2). Nas quartas e sextas-feiras v\u00e3o ser realizadas as primeiras doses (D1) e as doses de refor\u00e7o (DR). A aplica\u00e7\u00e3o vai acontecer conforme os grupos e faixas et\u00e1rias divulgados no site da Funda\u00e7\u00e3o, no menu COVID-19, na aba \u201cQuem pode se Vacinar Agora?\u201d.<br><br>A vacina pode ser feita em dois locais: no centro, no pr\u00e9dio da FUMSSAR, na Vigil\u00e2ncia, Rua Dr. Francisco Timm 480 e na UBS Pereira, na Rua Augusto Pestana, 338, Pereira. O atendimento vai funcionar em dois turnos: manh\u00e3, das 8h \u00e0s 11h e tarde das 13h30 \u00e0s 17h. Nas quartas-feiras, o hor\u00e1rio da Central da FUMSSAR vai ser at\u00e9 \u00e0s 19h30.<br><br>Os moradores de Santa Rosa que forem se vacinar precisam levar documento com foto, CPF, cart\u00e3o SUS e a caderneta de vacina\u00e7\u00e3o. Os jovens, a partir de 14 anos, precisam ir acompanhados dos pais ou respons\u00e1vel legal, ou ainda, levar preenchida a declara\u00e7\u00e3o do participante da vacina\u00e7\u00e3o, disponibilizada pela Unidade B\u00e1sica de Sa\u00fade. O telefone para D\u00favidas e Informa\u00e7\u00f5es sobre a Central de Vacinas \u00e9 o: (55) 3513-5100.<br>At\u00e9 o momento, j\u00e1 foram realizadas 114.646 vacinas. Do total, 59.822 foram de D1 (Primeira Dose), essa quantidade corresponde a 81% da popula\u00e7\u00e3o vacinada, 49.213 de D2 (Segunda Dose) e 2.260 de D.U (Dose \u00danica). Com isso, o munic\u00edpio est\u00e1 com 51.473 pessoas com a imuniza\u00e7\u00e3o completa, 70% dos santa-rosenses.<\/p>\n","protected":false},"excerpt":{"rendered":"<p>A aplica\u00e7\u00e3o vai acontecer conforme os grupos e faixas et\u00e1rias divulgados no site da Funda\u00e7\u00e3o, no menu COVID-19, na aba<\/p>\n","protected":false},"author":3,"featured_media":756,"comment_status":"open","ping_status":"open","sticky":false,"template":"","format":"standard","meta":{"footnotes":""},"categories":[6,4,8],"tags":[],"class_list":["post-755","post","type-post","status-publish","format-standard","has-post-thumbnail","hentry","category-covid-19","category-noticias","category-noticias-fumssar"],"aioseo_notices":[],"_links":{"self":[{"href":"https:\/\/prefeitura.santarosa.rs.gov.br\/index.php?rest_route=\/wp\/v2\/posts\/755","targetHints":{"allow":["GET"]}}],"collection":[{"href":"https:\/\/prefeitura.santarosa.rs.gov.br\/index.php?rest_route=\/wp\/v2\/posts"}],"about":[{"href":"https:\/\/prefeitura.santarosa.rs.gov.br\/index.php?rest_route=\/wp\/v2\/types\/post"}],"author":[{"embeddable":true,"href":"https:\/\/prefeitura.santarosa.rs.gov.br\/index.php?rest_route=\/wp\/v2\/users\/3"}],"replies":[{"embeddable":true,"href":"https:\/\/prefeitura.santarosa.rs.gov.br\/index.php?rest_route=%2Fwp%2Fv2%2Fcomments&post=755"}],"version-history":[{"count":1,"href":"https:\/\/prefeitura.santarosa.rs.gov.br\/index.php?rest_route=\/wp\/v2\/posts\/755\/revisions"}],"predecessor-version":[{"id":757,"href":"https:\/\/prefeitura.santarosa.rs.gov.br\/index.php?rest_route=\/wp\/v2\/posts\/755\/revisions\/757"}],"wp:featuredmedia":[{"embeddable":true,"href":"https:\/\/prefeitura.santarosa.rs.gov.br\/index.php?rest_route=\/wp\/v2\/media\/756"}],"wp:attachment":[{"href":"https:\/\/prefeitura.santarosa.rs.gov.br\/index.php?rest_route=%2Fwp%2Fv2%2Fmedia&parent=755"}],"wp:term":[{"taxonomy":"category","embeddable":true,"href":"https:\/\/prefeitura.santarosa.rs.gov.br\/index.php?rest_route=%2Fwp%2Fv2%2Fcategories&post=755"},{"taxonomy":"post_tag","embeddable":true,"href":"https:\/\/prefeitura.santarosa.rs.gov.br\/index.php?rest_route=%2Fwp%2Fv2%2Ftags&post=755"}],"curies":[{"name":"wp","href":"https:\/\/api.w.org\/{rel}","templated":true}]}}