{"id":7533,"date":"2023-07-13T10:37:35","date_gmt":"2023-07-13T13:37:35","guid":{"rendered":"https:\/\/prefeitura.santarosa.rs.gov.br\/?p=7533"},"modified":"2024-10-07T09:53:12","modified_gmt":"2024-10-07T12:53:12","slug":"lancado-o-edital-para-a-construcao-de-novos-microacudes","status":"publish","type":"post","link":"https:\/\/prefeitura.santarosa.rs.gov.br\/?p=7533","title":{"rendered":"<strong>Lan\u00e7ado o edital para a constru\u00e7\u00e3o de novos microa\u00e7udes<\/strong>"},"content":{"rendered":"\n<figure class=\"wp-block-image size-full\"><img fetchpriority=\"high\" decoding=\"async\" width=\"860\" height=\"645\" src=\"https:\/\/prefeitura.santarosa.rs.gov.br\/wp-content\/uploads\/2023\/07\/Formato-Site-e-Portal-860X645-JPG-2023-07-13T102753.747.jpg\" alt=\"\" class=\"wp-image-7534\" srcset=\"https:\/\/prefeitura.santarosa.rs.gov.br\/wp-content\/uploads\/2023\/07\/Formato-Site-e-Portal-860X645-JPG-2023-07-13T102753.747.jpg 860w, https:\/\/prefeitura.santarosa.rs.gov.br\/wp-content\/uploads\/2023\/07\/Formato-Site-e-Portal-860X645-JPG-2023-07-13T102753.747-300x225.jpg 300w, https:\/\/prefeitura.santarosa.rs.gov.br\/wp-content\/uploads\/2023\/07\/Formato-Site-e-Portal-860X645-JPG-2023-07-13T102753.747-768x576.jpg 768w\" sizes=\"(max-width: 860px) 100vw, 860px\" \/><\/figure>\n\n\n\n<p>A Secretaria de Agricultura informa a popula\u00e7\u00e3o que foi lan\u00e7ado o edital de cadastramento para ades\u00e3o ao Programa Avan\u00e7ar na Agropecu\u00e1ria e no Desenvolvimento Rural. O programa tem por objetivo a constru\u00e7\u00e3o de novos microa\u00e7udes para serem utilizados na agricultura familiar (propriedades rurais do munic\u00edpio), com foco na irriga\u00e7\u00e3o para fruticultura, hortigranjeiros, gr\u00e3os e pecu\u00e1ria.<\/p>\n\n\n\n<p>As propriedades selecionadas v\u00e3o contar com a utiliza\u00e7\u00e3o de at\u00e9 24 horas m\u00e1quinas de escavadeira hidr\u00e1ulica, o que movimenta aproximadamente, 1560 m\u00b3 de terra. O Secret\u00e1rio de Agricultura, Paulo Roberto dos Santos, destaca que esta \u00e9 uma oportunidade que vai beneficiar muitos agricultores, \u201cEsta \u00e9 uma medida que vai trazer melhorias para as fam\u00edlias contempladas com os microa\u00e7udes. Uma obra que vai facilitar a irriga\u00e7\u00e3o das propriedades e contribuir para uma melhor colheita e lucratividade dos agricultores\u201d.<\/p>\n\n\n\n<p>Os produtores interessados devem protocolar o interesse at\u00e9 o dia 19 de julho, junto \u00e0 Emater de Santa Rosa. Em caso de d\u00favidas, a popula\u00e7\u00e3o pode entrar em contato com a equipe da Secretaria de Agricultura ou com a Emater.<\/p>\n","protected":false},"excerpt":{"rendered":"<p>A Secretaria de Agricultura informa a popula\u00e7\u00e3o que foi lan\u00e7ado o edital de cadastramento para ades\u00e3o ao Programa Avan\u00e7ar na<\/p>\n","protected":false},"author":6,"featured_media":7535,"comment_status":"closed","ping_status":"closed","sticky":false,"template":"","format":"standard","meta":{"footnotes":""},"categories":[4,14],"tags":[],"class_list":["post-7533","post","type-post","status-publish","format-standard","has-post-thumbnail","hentry","category-noticias","category-secretaria-municipal-de-agricultura"],"aioseo_notices":[],"_links":{"self":[{"href":"https:\/\/prefeitura.santarosa.rs.gov.br\/index.php?rest_route=\/wp\/v2\/posts\/7533","targetHints":{"allow":["GET"]}}],"collection":[{"href":"https:\/\/prefeitura.santarosa.rs.gov.br\/index.php?rest_route=\/wp\/v2\/posts"}],"about":[{"href":"https:\/\/prefeitura.santarosa.rs.gov.br\/index.php?rest_route=\/wp\/v2\/types\/post"}],"author":[{"embeddable":true,"href":"https:\/\/prefeitura.santarosa.rs.gov.br\/index.php?rest_route=\/wp\/v2\/users\/6"}],"replies":[{"embeddable":true,"href":"https:\/\/prefeitura.santarosa.rs.gov.br\/index.php?rest_route=%2Fwp%2Fv2%2Fcomments&post=7533"}],"version-history":[{"count":1,"href":"https:\/\/prefeitura.santarosa.rs.gov.br\/index.php?rest_route=\/wp\/v2\/posts\/7533\/revisions"}],"predecessor-version":[{"id":7536,"href":"https:\/\/prefeitura.santarosa.rs.gov.br\/index.php?rest_route=\/wp\/v2\/posts\/7533\/revisions\/7536"}],"wp:featuredmedia":[{"embeddable":true,"href":"https:\/\/prefeitura.santarosa.rs.gov.br\/index.php?rest_route=\/wp\/v2\/media\/7535"}],"wp:attachment":[{"href":"https:\/\/prefeitura.santarosa.rs.gov.br\/index.php?rest_route=%2Fwp%2Fv2%2Fmedia&parent=7533"}],"wp:term":[{"taxonomy":"category","embeddable":true,"href":"https:\/\/prefeitura.santarosa.rs.gov.br\/index.php?rest_route=%2Fwp%2Fv2%2Fcategories&post=7533"},{"taxonomy":"post_tag","embeddable":true,"href":"https:\/\/prefeitura.santarosa.rs.gov.br\/index.php?rest_route=%2Fwp%2Fv2%2Ftags&post=7533"}],"curies":[{"name":"wp","href":"https:\/\/api.w.org\/{rel}","templated":true}]}}