{"id":7462,"date":"2023-07-06T17:16:44","date_gmt":"2023-07-06T20:16:44","guid":{"rendered":"https:\/\/prefeitura.santarosa.rs.gov.br\/?p=7462"},"modified":"2024-10-07T09:53:12","modified_gmt":"2024-10-07T12:53:12","slug":"obra-de-asfalto-na-rua-tuiuti-foi-concluida","status":"publish","type":"post","link":"https:\/\/prefeitura.santarosa.rs.gov.br\/?p=7462","title":{"rendered":"<strong>Obra de asfalto na Rua Tuiuti foi conclu\u00edda<\/strong>"},"content":{"rendered":"\n<figure class=\"wp-block-image size-full\"><img fetchpriority=\"high\" decoding=\"async\" width=\"860\" height=\"645\" src=\"https:\/\/prefeitura.santarosa.rs.gov.br\/wp-content\/uploads\/2023\/07\/Formato-Site-e-Portal-860X645-JPG-2023-07-06T171550.317.jpg\" alt=\"\" class=\"wp-image-7463\" srcset=\"https:\/\/prefeitura.santarosa.rs.gov.br\/wp-content\/uploads\/2023\/07\/Formato-Site-e-Portal-860X645-JPG-2023-07-06T171550.317.jpg 860w, https:\/\/prefeitura.santarosa.rs.gov.br\/wp-content\/uploads\/2023\/07\/Formato-Site-e-Portal-860X645-JPG-2023-07-06T171550.317-300x225.jpg 300w, https:\/\/prefeitura.santarosa.rs.gov.br\/wp-content\/uploads\/2023\/07\/Formato-Site-e-Portal-860X645-JPG-2023-07-06T171550.317-768x576.jpg 768w\" sizes=\"(max-width: 860px) 100vw, 860px\" \/><\/figure>\n\n\n\n<p>O Vice-Prefeito Aldemir Ulrich esteve nesta semana, acompanhado da Secretaria de Educa\u00e7\u00e3o e Cultura, Lires Zimmermann, vistoriando algumas obras no munic\u00edpio. Entre elas, a de pavimenta\u00e7\u00e3o asf\u00e1ltica da Rua Tuiuti, no bairro Central. Em menos de um m\u00eas, da ordem de in\u00edcio, o servi\u00e7o foi conclu\u00eddo. Mais infraestrutura e qualidade de vida para a popula\u00e7\u00e3o.<\/p>\n\n\n\n<p>O trecho contemplado com a melhorias fica localizado entre a Rua S\u00e3o Jos\u00e9 e a Rua Uruguai. Aldemir ressaltou que essa obra fazia parte do Planejamento Estrat\u00e9gico e vai auxiliar no tr\u00e1fego de ve\u00edculos e na mobilidade urbana, \u201cTodos os bairros de Santa Rosa est\u00e3o recebendo melhorias. Nosso objetivo \u00e9 oferecer para a comunidade uma infraestrutura diferenciada, com mais acessibilidade e seguran\u00e7a\u201d. O valor do investimento foi de R$494.146,43 de recursos do FINISA.<\/p>\n\n\n\n<p>Foram realizados os servi\u00e7os de execu\u00e7\u00e3o de meio fio e sarjeta de concreto, pavimenta\u00e7\u00e3o asf\u00e1ltica sobre cal\u00e7amento, rampas de acessibilidade, nivelamentos de tampas da Corsan e de sinaliza\u00e7\u00e3o horizontal e vertical.<\/p>\n","protected":false},"excerpt":{"rendered":"<p>O Vice-Prefeito Aldemir Ulrich esteve nesta semana, acompanhado da Secretaria de Educa\u00e7\u00e3o e Cultura, Lires Zimmermann, vistoriando algumas obras no<\/p>\n","protected":false},"author":6,"featured_media":7464,"comment_status":"closed","ping_status":"closed","sticky":false,"template":"","format":"standard","meta":{"footnotes":""},"categories":[4,22],"tags":[],"class_list":["post-7462","post","type-post","status-publish","format-standard","has-post-thumbnail","hentry","category-noticias","category-secretaria-municipal-de-planejamento-e-habitacao"],"aioseo_notices":[],"_links":{"self":[{"href":"https:\/\/prefeitura.santarosa.rs.gov.br\/index.php?rest_route=\/wp\/v2\/posts\/7462","targetHints":{"allow":["GET"]}}],"collection":[{"href":"https:\/\/prefeitura.santarosa.rs.gov.br\/index.php?rest_route=\/wp\/v2\/posts"}],"about":[{"href":"https:\/\/prefeitura.santarosa.rs.gov.br\/index.php?rest_route=\/wp\/v2\/types\/post"}],"author":[{"embeddable":true,"href":"https:\/\/prefeitura.santarosa.rs.gov.br\/index.php?rest_route=\/wp\/v2\/users\/6"}],"replies":[{"embeddable":true,"href":"https:\/\/prefeitura.santarosa.rs.gov.br\/index.php?rest_route=%2Fwp%2Fv2%2Fcomments&post=7462"}],"version-history":[{"count":1,"href":"https:\/\/prefeitura.santarosa.rs.gov.br\/index.php?rest_route=\/wp\/v2\/posts\/7462\/revisions"}],"predecessor-version":[{"id":7465,"href":"https:\/\/prefeitura.santarosa.rs.gov.br\/index.php?rest_route=\/wp\/v2\/posts\/7462\/revisions\/7465"}],"wp:featuredmedia":[{"embeddable":true,"href":"https:\/\/prefeitura.santarosa.rs.gov.br\/index.php?rest_route=\/wp\/v2\/media\/7464"}],"wp:attachment":[{"href":"https:\/\/prefeitura.santarosa.rs.gov.br\/index.php?rest_route=%2Fwp%2Fv2%2Fmedia&parent=7462"}],"wp:term":[{"taxonomy":"category","embeddable":true,"href":"https:\/\/prefeitura.santarosa.rs.gov.br\/index.php?rest_route=%2Fwp%2Fv2%2Fcategories&post=7462"},{"taxonomy":"post_tag","embeddable":true,"href":"https:\/\/prefeitura.santarosa.rs.gov.br\/index.php?rest_route=%2Fwp%2Fv2%2Ftags&post=7462"}],"curies":[{"name":"wp","href":"https:\/\/api.w.org\/{rel}","templated":true}]}}