{"id":7458,"date":"2023-07-06T15:12:14","date_gmt":"2023-07-06T18:12:14","guid":{"rendered":"https:\/\/prefeitura.santarosa.rs.gov.br\/?p=7458"},"modified":"2024-10-07T09:53:12","modified_gmt":"2024-10-07T12:53:12","slug":"abertura-da-18a-feira-do-livro-de-santa-rosa","status":"publish","type":"post","link":"https:\/\/prefeitura.santarosa.rs.gov.br\/?p=7458","title":{"rendered":"<strong>Abertura da 18\u00aa Feira do Livro de Santa Rosa<\/strong>"},"content":{"rendered":"\n<figure class=\"wp-block-image size-full\"><img fetchpriority=\"high\" decoding=\"async\" width=\"860\" height=\"645\" src=\"https:\/\/prefeitura.santarosa.rs.gov.br\/wp-content\/uploads\/2023\/07\/Formato-Site-e-Portal-860X645-JPG-2023-07-06T151006.589.jpg\" alt=\"\" class=\"wp-image-7459\" srcset=\"https:\/\/prefeitura.santarosa.rs.gov.br\/wp-content\/uploads\/2023\/07\/Formato-Site-e-Portal-860X645-JPG-2023-07-06T151006.589.jpg 860w, https:\/\/prefeitura.santarosa.rs.gov.br\/wp-content\/uploads\/2023\/07\/Formato-Site-e-Portal-860X645-JPG-2023-07-06T151006.589-300x225.jpg 300w, https:\/\/prefeitura.santarosa.rs.gov.br\/wp-content\/uploads\/2023\/07\/Formato-Site-e-Portal-860X645-JPG-2023-07-06T151006.589-768x576.jpg 768w\" sizes=\"(max-width: 860px) 100vw, 860px\" \/><\/figure>\n\n\n\n<p>Transformando Vidas. Este \u00e9 o tema da 18\u00aa Feira do Livro de Santa Rosa que foi aberta oficialmente na manh\u00e3 desta quinta-feira, (06). O evento aconteceu na Pra\u00e7a da Bandeira e contou com belas apresenta\u00e7\u00f5es e falas emocionantes. Centenas de pessoas prestigiaram o ato oficial, entre elas, autoridades, homenageados, livreiros, estudantes, professores e os amantes dos livros e da literatura. Pela segunda vez, a Feira do Livro de Santa Rosa, acontece ao ar livre, no cora\u00e7\u00e3o da cidade. A a\u00e7\u00e3o foi promovida pela prefeitura, atrav\u00e9s da Secretaria de Educa\u00e7\u00e3o e Cultura, que organizou toda a estrutura para a comunidade visitar a feira.<\/p>\n\n\n\n<p>Durante os 06 dias desta edi\u00e7\u00e3o, o p\u00fablico vai poder conferir diversas atividades, como: o lan\u00e7amento de 18 livros e publica\u00e7\u00f5es diversas, sess\u00f5es de aut\u00f3grafos, conta\u00e7\u00e3o de hist\u00f3rias, oficinas, apresenta\u00e7\u00f5es art\u00edsticas, palestras e homenagens. O Prefeito Anderson Mantei, destacou a import\u00e2ncia da leitura, especialmente para os jovens estudantes, \u201cVoc\u00eas alunos de Santa Rosa, s\u00e3o os futuros gestores da cidade, professores, escritores e quem sabe, patronos das pr\u00f3ximas feiras do livro. Aproveitem este momento da vida de voc\u00eas, estudem e leiam muito, pois sabemos o quanto um livro pode modificar a trajet\u00f3ria de vida das pessoas. \u00c9 uma alegria estar aqui hoje e fazer parte mais uma vez, deste evento t\u00e3o importante que promove o saber e o conhecimento\u201d.<\/p>\n\n\n\n<p>A 18\u00aa Feira do Livro \u2013 2023, tem como Patrono, o professor e ex-prefeito de Santa Rosa, Alcides Vicini e como Escritor Homenageado, o professor Gerson Miguel Lauermann. A abertura contou tamb\u00e9m com a participa\u00e7\u00e3o da Orquestra Jovem Santa Rosa que realizou diversas apresenta\u00e7\u00f5es musicais. A feira vai acontecer de 06 a 11 de julho, das 08h30min \u00e0s 20h, na Pra\u00e7a da Bandeira, em frente ao Centro Cultural Prof. Fioravante Pedrazani. Confira nas p\u00e1ginas oficiais da prefeitura, o cronograma completo das atividades.<\/p>\n","protected":false},"excerpt":{"rendered":"<p>Transformando Vidas. Este \u00e9 o tema da 18\u00aa Feira do Livro de Santa Rosa que foi aberta oficialmente na manh\u00e3<\/p>\n","protected":false},"author":6,"featured_media":7460,"comment_status":"closed","ping_status":"closed","sticky":false,"template":"","format":"standard","meta":{"footnotes":""},"categories":[4,18],"tags":[],"class_list":["post-7458","post","type-post","status-publish","format-standard","has-post-thumbnail","hentry","category-noticias","category-secretaria-municipal-de-educacao-e-cultura"],"aioseo_notices":[],"_links":{"self":[{"href":"https:\/\/prefeitura.santarosa.rs.gov.br\/index.php?rest_route=\/wp\/v2\/posts\/7458","targetHints":{"allow":["GET"]}}],"collection":[{"href":"https:\/\/prefeitura.santarosa.rs.gov.br\/index.php?rest_route=\/wp\/v2\/posts"}],"about":[{"href":"https:\/\/prefeitura.santarosa.rs.gov.br\/index.php?rest_route=\/wp\/v2\/types\/post"}],"author":[{"embeddable":true,"href":"https:\/\/prefeitura.santarosa.rs.gov.br\/index.php?rest_route=\/wp\/v2\/users\/6"}],"replies":[{"embeddable":true,"href":"https:\/\/prefeitura.santarosa.rs.gov.br\/index.php?rest_route=%2Fwp%2Fv2%2Fcomments&post=7458"}],"version-history":[{"count":1,"href":"https:\/\/prefeitura.santarosa.rs.gov.br\/index.php?rest_route=\/wp\/v2\/posts\/7458\/revisions"}],"predecessor-version":[{"id":7461,"href":"https:\/\/prefeitura.santarosa.rs.gov.br\/index.php?rest_route=\/wp\/v2\/posts\/7458\/revisions\/7461"}],"wp:featuredmedia":[{"embeddable":true,"href":"https:\/\/prefeitura.santarosa.rs.gov.br\/index.php?rest_route=\/wp\/v2\/media\/7460"}],"wp:attachment":[{"href":"https:\/\/prefeitura.santarosa.rs.gov.br\/index.php?rest_route=%2Fwp%2Fv2%2Fmedia&parent=7458"}],"wp:term":[{"taxonomy":"category","embeddable":true,"href":"https:\/\/prefeitura.santarosa.rs.gov.br\/index.php?rest_route=%2Fwp%2Fv2%2Fcategories&post=7458"},{"taxonomy":"post_tag","embeddable":true,"href":"https:\/\/prefeitura.santarosa.rs.gov.br\/index.php?rest_route=%2Fwp%2Fv2%2Ftags&post=7458"}],"curies":[{"name":"wp","href":"https:\/\/api.w.org\/{rel}","templated":true}]}}