{"id":7408,"date":"2023-06-30T16:17:49","date_gmt":"2023-06-30T19:17:49","guid":{"rendered":"https:\/\/prefeitura.santarosa.rs.gov.br\/?p=7408"},"modified":"2024-10-07T09:53:12","modified_gmt":"2024-10-07T12:53:12","slug":"governo-municipal-realiza-a-entrega-de-novos-instrumentos-para-a-banda-marcial-ecm-raul-oliveira","status":"publish","type":"post","link":"https:\/\/prefeitura.santarosa.rs.gov.br\/?p=7408","title":{"rendered":"<strong>Governo Municipal realiza a entrega de novos instrumentos para a Banda Marcial ECM Raul Oliveira<\/strong>"},"content":{"rendered":"\n<figure class=\"wp-block-image size-full\"><img fetchpriority=\"high\" decoding=\"async\" width=\"860\" height=\"645\" src=\"https:\/\/prefeitura.santarosa.rs.gov.br\/wp-content\/uploads\/2023\/06\/Formato-Site-e-Portal-860X645-JPG-2023-06-30T161256.966.jpg\" alt=\"\" class=\"wp-image-7409\" srcset=\"https:\/\/prefeitura.santarosa.rs.gov.br\/wp-content\/uploads\/2023\/06\/Formato-Site-e-Portal-860X645-JPG-2023-06-30T161256.966.jpg 860w, https:\/\/prefeitura.santarosa.rs.gov.br\/wp-content\/uploads\/2023\/06\/Formato-Site-e-Portal-860X645-JPG-2023-06-30T161256.966-300x225.jpg 300w, https:\/\/prefeitura.santarosa.rs.gov.br\/wp-content\/uploads\/2023\/06\/Formato-Site-e-Portal-860X645-JPG-2023-06-30T161256.966-768x576.jpg 768w\" sizes=\"(max-width: 860px) 100vw, 860px\" \/><\/figure>\n\n\n\n<p>O Governo Municipal atrav\u00e9s do Prefeito Anderson Mantei, realizou a entrega de novos instrumentos para a Banda Marcial ECM Raul Oliveira. O ato aconteceu na tarde desta quinta-feira (29), na Escola Municipal de Ensino Fundamental C\u00edvico-Militar Coronel Raul Oliveira. Esta \u00e9 a segunda etapa da entrega de materiais de apoio para a pr\u00e1tica musical. A solenidade contou com a presen\u00e7a do Deputado Federal Tenente Coronel Zucco, do Deputado Estadual Capit\u00e3o Martim &#8211; Presidente da Frente Parlamentar em apoio \u00e0 ades\u00e3o e manuten\u00e7\u00e3o das Escolas C\u00edvico-Militares e do Tenente Coronel Pedro Andr\u00e9 Pimenta Uchoa, Comandante do 19\u00ba Regimento de Cavalaria Mecanizado (19\u00ba RC Mec) \u201cRegimento San Mart\u00edn\u201d.<\/p>\n\n\n\n<p>Foram adquiridos com recursos pr\u00f3prios da prefeitura, 17 novos instrumentos: Tarol 14\u201d, Bumbo Fuzileiro 22\u201d e Caixa Guerra 14\u201d. O Prefeito Anderson Mantei parabenizou os alunos pelo empenho e dedica\u00e7\u00e3o e refor\u00e7ou os benef\u00edcios da m\u00fasica para o desenvolvimento dos estudantes, \u201c\u00c9 sempre uma alegria ver os jovens envolvidos e dedicados em projetos educativos como este. A m\u00fasica transforma vidas e \u00e9 uma ferramenta que desenvolve muitas outras potencialidades. Sabemos que os novos materiais ser\u00e3o muito bem aproveitados e vamos em breve, no Desfile C\u00edvico do dia 07 de setembro, acompanhar e prestigiar estes talentos da Banda Marcial ECM Raul Oliveira\u201d.<\/p>\n\n\n\n<p>Com os novos instrumentos, foi poss\u00edvel ampliar as vagas da banda, que passou de 32 para 50 integrantes. S\u00e3o alunos do 5\u00ba ao 9\u00ba ano, de diversas idades que ensaiam todas as semanas, coordenados pelo regente e professor de m\u00fasica, J\u00falio dos Santos. Participaram tamb\u00e9m da entrega, o Vice-Prefeito Aldemir Ulrich, a Secret\u00e1ria de Educa\u00e7\u00e3o e Cultura, Lires Zimmermman, o Secret\u00e1rio de Esporte, Fernando Classmann, o Secret\u00e1rio de Mobilidade Urbana. Maicon Zamboni, a Diretora da Escola Municipal de Ensino Fundamental C\u00edvico-Militar Coronel Raul Oliveira, Adriana Escobar e representantes do 4\u00ba Batalh\u00e3o de Pol\u00edcia de \u00c1rea de Fronteira (4\u00ba BPAF).<\/p>\n","protected":false},"excerpt":{"rendered":"<p>O Governo Municipal atrav\u00e9s do Prefeito Anderson Mantei, realizou a entrega de novos instrumentos para a Banda Marcial ECM Raul<\/p>\n","protected":false},"author":6,"featured_media":7410,"comment_status":"closed","ping_status":"closed","sticky":false,"template":"","format":"standard","meta":{"footnotes":""},"categories":[4,18],"tags":[],"class_list":["post-7408","post","type-post","status-publish","format-standard","has-post-thumbnail","hentry","category-noticias","category-secretaria-municipal-de-educacao-e-cultura"],"aioseo_notices":[],"_links":{"self":[{"href":"https:\/\/prefeitura.santarosa.rs.gov.br\/index.php?rest_route=\/wp\/v2\/posts\/7408","targetHints":{"allow":["GET"]}}],"collection":[{"href":"https:\/\/prefeitura.santarosa.rs.gov.br\/index.php?rest_route=\/wp\/v2\/posts"}],"about":[{"href":"https:\/\/prefeitura.santarosa.rs.gov.br\/index.php?rest_route=\/wp\/v2\/types\/post"}],"author":[{"embeddable":true,"href":"https:\/\/prefeitura.santarosa.rs.gov.br\/index.php?rest_route=\/wp\/v2\/users\/6"}],"replies":[{"embeddable":true,"href":"https:\/\/prefeitura.santarosa.rs.gov.br\/index.php?rest_route=%2Fwp%2Fv2%2Fcomments&post=7408"}],"version-history":[{"count":1,"href":"https:\/\/prefeitura.santarosa.rs.gov.br\/index.php?rest_route=\/wp\/v2\/posts\/7408\/revisions"}],"predecessor-version":[{"id":7411,"href":"https:\/\/prefeitura.santarosa.rs.gov.br\/index.php?rest_route=\/wp\/v2\/posts\/7408\/revisions\/7411"}],"wp:featuredmedia":[{"embeddable":true,"href":"https:\/\/prefeitura.santarosa.rs.gov.br\/index.php?rest_route=\/wp\/v2\/media\/7410"}],"wp:attachment":[{"href":"https:\/\/prefeitura.santarosa.rs.gov.br\/index.php?rest_route=%2Fwp%2Fv2%2Fmedia&parent=7408"}],"wp:term":[{"taxonomy":"category","embeddable":true,"href":"https:\/\/prefeitura.santarosa.rs.gov.br\/index.php?rest_route=%2Fwp%2Fv2%2Fcategories&post=7408"},{"taxonomy":"post_tag","embeddable":true,"href":"https:\/\/prefeitura.santarosa.rs.gov.br\/index.php?rest_route=%2Fwp%2Fv2%2Ftags&post=7408"}],"curies":[{"name":"wp","href":"https:\/\/api.w.org\/{rel}","templated":true}]}}