{"id":726,"date":"2021-11-17T13:50:00","date_gmt":"2021-11-17T16:50:00","guid":{"rendered":"https:\/\/prefeitura.santarosa.rs.gov.br\/?p=726"},"modified":"2024-10-07T09:54:42","modified_gmt":"2024-10-07T12:54:42","slug":"aplicadas-1-775-doses-na-central-de-vacinas-na-ultima-semana","status":"publish","type":"post","link":"https:\/\/prefeitura.santarosa.rs.gov.br\/?p=726","title":{"rendered":"Aplicadas 1.775 doses na Central de Vacinas na \u00faltima semana"},"content":{"rendered":"\n<p>A vacina\u00e7\u00e3o realizada na Central de Vacinas n\u00e3o precisa mais ser agendada previamente, o atendimento ocorre por ordem de chegada.<\/p>\n\n\n\n<p>A Central de Vacinas de Santa Rosa, fixada em dois locais do munic\u00edpio realizou 1.667 doses contra a COVID-19 na \u00faltima semana, de 08 a 12 de novembro, uma m\u00e9dia de 355 aplica\u00e7\u00f5es por dia. No s\u00e1bado (13), foi realizado um mutir\u00e3o de aplica\u00e7\u00e3o das doses de refor\u00e7o para os profissionais da sa\u00fade. Foram aplicadas 108 doses, totalizando 1775 doses na semana.<br><br>A vacina\u00e7\u00e3o realizada na Central de Vacinas n\u00e3o precisa mais ser agendada previamente, o atendimento ocorre por ordem de chegada. Nas segundas, ter\u00e7as e quintas-feiras s\u00e3o aplicadas segundas doses (D2). Nas quartas e sextas-feiras s\u00e3o realizadas as primeiras doses (D1) e as doses de refor\u00e7o (DR). As doses s\u00e3o aplicadas no Pr\u00e9dio da FUMSSAR, Rua Dr. Francisco Timm, 480 centro, no subsolo (entrada pela lateral) e na UBS Pereira, na Rua Augusto Pestana, 338, Pereira (entrada pela lateral). A aplica\u00e7\u00e3o acontece conforme os grupos e faixas et\u00e1rias divulgados no site da Funda\u00e7\u00e3o. O atendimento \u00e9 das 8h \u00e0s 11h da manh\u00e3 e das 13h30 \u00e0s 17h da tarde. Nas quartas-feiras, o hor\u00e1rio da Central da FUMSSAR se estende at\u00e9 \u00e0s 19h30.<br><br>As primeiras doses (D1) est\u00e3o sendo realizadas, por faixa et\u00e1ria, para pessoas a partir dos 12 anos. As segundas doses (D2) de Coronavac s\u00e3o realizadas ap\u00f3s 28 dias da primeira dose. Astrazeneca e Pfizer, ap\u00f3s oito semanas da primeira aplica\u00e7\u00e3o. As doses de refor\u00e7o (DR) est\u00e3o dispon\u00edveis para pessoas acima de 60 anos e profissionais de sa\u00fade que realizaram a segunda dose h\u00e1 05 meses. Os moradores de Santa Rosa que forem se vacinar precisam levar documento com foto, CPF, cart\u00e3o SUS e a caderneta de vacina\u00e7\u00e3o. Os jovens a partir de 14 anos, precisam ir acompanhados dos pais ou respons\u00e1vel legal, ou ainda, levar preenchida a declara\u00e7\u00e3o do participante da vacina\u00e7\u00e3o, disponibilizada pela Unidade B\u00e1sica de Sa\u00fade. At\u00e9 o momento, j\u00e1 foram realizadas 118.664 vacinas. Do total, 60.667 foram de D1 (Primeira Dose), essa quantidade corresponde a 82% da popula\u00e7\u00e3o vacinada, 51.034 de D2 (Segunda Dose) e 2.260 de D.U (Dose \u00danica), sendo assim temos 53.294 pessoas com a imuniza\u00e7\u00e3o completa, 72% dos santa-rosenses. Al\u00e9m disso, j\u00e1 foram aplicadas tamb\u00e9m, 4.703 Doses de Refor\u00e7o (DR).<\/p>\n\n\n\n<p><\/p>\n","protected":false},"excerpt":{"rendered":"<p>A vacina\u00e7\u00e3o realizada na Central de Vacinas n\u00e3o precisa mais ser agendada previamente, o atendimento ocorre por ordem de chegada.<\/p>\n","protected":false},"author":3,"featured_media":730,"comment_status":"open","ping_status":"open","sticky":false,"template":"","format":"standard","meta":{"footnotes":""},"categories":[6,4,8],"tags":[],"class_list":["post-726","post","type-post","status-publish","format-standard","has-post-thumbnail","hentry","category-covid-19","category-noticias","category-noticias-fumssar"],"aioseo_notices":[],"_links":{"self":[{"href":"https:\/\/prefeitura.santarosa.rs.gov.br\/index.php?rest_route=\/wp\/v2\/posts\/726","targetHints":{"allow":["GET"]}}],"collection":[{"href":"https:\/\/prefeitura.santarosa.rs.gov.br\/index.php?rest_route=\/wp\/v2\/posts"}],"about":[{"href":"https:\/\/prefeitura.santarosa.rs.gov.br\/index.php?rest_route=\/wp\/v2\/types\/post"}],"author":[{"embeddable":true,"href":"https:\/\/prefeitura.santarosa.rs.gov.br\/index.php?rest_route=\/wp\/v2\/users\/3"}],"replies":[{"embeddable":true,"href":"https:\/\/prefeitura.santarosa.rs.gov.br\/index.php?rest_route=%2Fwp%2Fv2%2Fcomments&post=726"}],"version-history":[{"count":1,"href":"https:\/\/prefeitura.santarosa.rs.gov.br\/index.php?rest_route=\/wp\/v2\/posts\/726\/revisions"}],"predecessor-version":[{"id":731,"href":"https:\/\/prefeitura.santarosa.rs.gov.br\/index.php?rest_route=\/wp\/v2\/posts\/726\/revisions\/731"}],"wp:featuredmedia":[{"embeddable":true,"href":"https:\/\/prefeitura.santarosa.rs.gov.br\/index.php?rest_route=\/wp\/v2\/media\/730"}],"wp:attachment":[{"href":"https:\/\/prefeitura.santarosa.rs.gov.br\/index.php?rest_route=%2Fwp%2Fv2%2Fmedia&parent=726"}],"wp:term":[{"taxonomy":"category","embeddable":true,"href":"https:\/\/prefeitura.santarosa.rs.gov.br\/index.php?rest_route=%2Fwp%2Fv2%2Fcategories&post=726"},{"taxonomy":"post_tag","embeddable":true,"href":"https:\/\/prefeitura.santarosa.rs.gov.br\/index.php?rest_route=%2Fwp%2Fv2%2Ftags&post=726"}],"curies":[{"name":"wp","href":"https:\/\/api.w.org\/{rel}","templated":true}]}}