{"id":7189,"date":"2023-06-28T14:43:08","date_gmt":"2023-06-28T17:43:08","guid":{"rendered":"https:\/\/prefeitura.santarosa.rs.gov.br\/?p=7189"},"modified":"2024-10-07T09:53:12","modified_gmt":"2024-10-07T12:53:12","slug":"prefeitura-e-sebrae-realizam-evento-para-dar-continuidade-na-construcao-do-plano-municipal-de-turismo","status":"publish","type":"post","link":"https:\/\/prefeitura.santarosa.rs.gov.br\/?p=7189","title":{"rendered":"Prefeitura e SEBRAE realizam evento para dar continuidade na constru\u00e7\u00e3o do Plano Municipal de Turismo"},"content":{"rendered":"\n<figure class=\"wp-block-image size-full\"><img fetchpriority=\"high\" decoding=\"async\" width=\"860\" height=\"645\" src=\"https:\/\/prefeitura.santarosa.rs.gov.br\/wp-content\/uploads\/2023\/06\/Formato-Site-e-Portal-860X645-JPG-2023-06-28T092353.550.jpg\" alt=\"\" class=\"wp-image-7190\" srcset=\"https:\/\/prefeitura.santarosa.rs.gov.br\/wp-content\/uploads\/2023\/06\/Formato-Site-e-Portal-860X645-JPG-2023-06-28T092353.550.jpg 860w, https:\/\/prefeitura.santarosa.rs.gov.br\/wp-content\/uploads\/2023\/06\/Formato-Site-e-Portal-860X645-JPG-2023-06-28T092353.550-300x225.jpg 300w, https:\/\/prefeitura.santarosa.rs.gov.br\/wp-content\/uploads\/2023\/06\/Formato-Site-e-Portal-860X645-JPG-2023-06-28T092353.550-768x576.jpg 768w\" sizes=\"(max-width: 860px) 100vw, 860px\" \/><\/figure>\n\n\n\n<p><br>Na busca de promover o desenvolvimento tur\u00edstico de Santa Rosa, a prefeitura por meio da Secretaria de Desenvolvimento Econ\u00f4mico, Turismo e Tecnologia e em parceria com o SEBRAE, realizou nesta&nbsp;ter\u00e7a-feira (27), um evento para dar continuidade na constru\u00e7\u00e3o do Plano Municipal de Turismo. A atividade ocorreu no N\u00facleo de Ensino e Pesquisa &#8211; NEP e contou com a participa\u00e7\u00e3o do Conselho Municipal de Turismo \u2013 COMTUR, de autoridades e convidados que atuam diretamente com o setor, incluindo hot\u00e9is, pousadas, agroind\u00fastrias, ag\u00eancias, transportadoras, entre outros. O objetivo foi debater e nortear as a\u00e7\u00f5es que envolvam o turismo na cidade.<\/p>\n\n\n\n<p><br>Na oportunidade, a consultora do SEBRAE, Scheila Rigotti, com experi\u00eancia na \u00e1rea do turismo h\u00e1 mais de 25 anos, palestrou sobre o tema: \u201cDesafiando Modelos e Inspirando a Governan\u00e7a do Turismo\u201d. O Secret\u00e1rio de Desenvolvimento Econ\u00f4mico, Turismo e Tecnologia, Odaylson Eder, ressaltou que este \u00e9 um grande avan\u00e7o para legitimar a cadeia tur\u00edstica de Santa Rosa, ampliando a gera\u00e7\u00e3o de empregos e de renda por meio da atra\u00e7\u00e3o e do fortalecimento de empreendimentos deste setor, \u201cO Plano Diretor vai ser muito importante para a estrutura\u00e7\u00e3o do turismo como uma atividade econ\u00f4mica diferencial. A parceria com o SEBRAE RS surge com este prop\u00f3sito e a partir deste documento, o munic\u00edpio vai poder investir assertivamente na diversifica\u00e7\u00e3o das atividades, atraindo novos empreendimentos e contribuindo com aqueles que j\u00e1 atuam nessa \u00e1rea\u201d.<\/p>\n\n\n\n<p><br>Depois de conclu\u00eddo, o plano vai contar com dados demogr\u00e1ficos e populacionais, \u00e1reas de relev\u00e2ncia para o turismo, indicadores e padr\u00f5es de consumo, parcerias e modelos de neg\u00f3cios, al\u00e9m de orienta\u00e7\u00f5es que v\u00e3o servir de diretrizes para a\u00e7\u00f5es futuras. O Vice-Prefeito Aldemir Ulrich, destacou a a\u00e7\u00e3o, \u201cMais do que um relat\u00f3rio, o Plano Municipal de Turismo vai ser uma ferramenta de trabalho para planejarmos e executarmos projetos de melhorias para Santa Rosa\u201d. Aldemir ainda citou como exemplo, os investimentos da Administra\u00e7\u00e3o Municipal no Parque de Exposi\u00e7\u00f5es, que est\u00e1 passando por obras e nas pra\u00e7as e espa\u00e7os p\u00fablicos que est\u00e3o sendo revitalizados. \u201cEstes s\u00e3o os primeiros passos para que possamos melhorar a infraestrutura e, a partir disso, fomentar o turismo na nossa cidade\u201d, concluiu o vice-prefeito. Ap\u00f3s a palestra, os participantes compartilharam experi\u00eancias e participaram de um caf\u00e9 colonial.<\/p>\n","protected":false},"excerpt":{"rendered":"<p>Na busca de promover o desenvolvimento tur\u00edstico de Santa Rosa, a prefeitura por meio da Secretaria de Desenvolvimento Econ\u00f4mico, Turismo<\/p>\n","protected":false},"author":5,"featured_media":7190,"comment_status":"open","ping_status":"open","sticky":false,"template":"","format":"standard","meta":{"footnotes":""},"categories":[4,16],"tags":[],"class_list":["post-7189","post","type-post","status-publish","format-standard","has-post-thumbnail","hentry","category-noticias","category-secretaria-municipal-de-desenvolvimento-economico-turismo-e-tecnologia"],"aioseo_notices":[],"_links":{"self":[{"href":"https:\/\/prefeitura.santarosa.rs.gov.br\/index.php?rest_route=\/wp\/v2\/posts\/7189","targetHints":{"allow":["GET"]}}],"collection":[{"href":"https:\/\/prefeitura.santarosa.rs.gov.br\/index.php?rest_route=\/wp\/v2\/posts"}],"about":[{"href":"https:\/\/prefeitura.santarosa.rs.gov.br\/index.php?rest_route=\/wp\/v2\/types\/post"}],"author":[{"embeddable":true,"href":"https:\/\/prefeitura.santarosa.rs.gov.br\/index.php?rest_route=\/wp\/v2\/users\/5"}],"replies":[{"embeddable":true,"href":"https:\/\/prefeitura.santarosa.rs.gov.br\/index.php?rest_route=%2Fwp%2Fv2%2Fcomments&post=7189"}],"version-history":[{"count":2,"href":"https:\/\/prefeitura.santarosa.rs.gov.br\/index.php?rest_route=\/wp\/v2\/posts\/7189\/revisions"}],"predecessor-version":[{"id":7412,"href":"https:\/\/prefeitura.santarosa.rs.gov.br\/index.php?rest_route=\/wp\/v2\/posts\/7189\/revisions\/7412"}],"wp:featuredmedia":[{"embeddable":true,"href":"https:\/\/prefeitura.santarosa.rs.gov.br\/index.php?rest_route=\/wp\/v2\/media\/7190"}],"wp:attachment":[{"href":"https:\/\/prefeitura.santarosa.rs.gov.br\/index.php?rest_route=%2Fwp%2Fv2%2Fmedia&parent=7189"}],"wp:term":[{"taxonomy":"category","embeddable":true,"href":"https:\/\/prefeitura.santarosa.rs.gov.br\/index.php?rest_route=%2Fwp%2Fv2%2Fcategories&post=7189"},{"taxonomy":"post_tag","embeddable":true,"href":"https:\/\/prefeitura.santarosa.rs.gov.br\/index.php?rest_route=%2Fwp%2Fv2%2Ftags&post=7189"}],"curies":[{"name":"wp","href":"https:\/\/api.w.org\/{rel}","templated":true}]}}