{"id":7153,"date":"2023-06-26T15:59:34","date_gmt":"2023-06-26T18:59:34","guid":{"rendered":"https:\/\/prefeitura.santarosa.rs.gov.br\/?p=7153"},"modified":"2024-10-07T09:53:12","modified_gmt":"2024-10-07T12:53:12","slug":"4a-semana-interna-de-saude-e-seguranca-do-trabalho-inicia-na-prefeitura","status":"publish","type":"post","link":"https:\/\/prefeitura.santarosa.rs.gov.br\/?p=7153","title":{"rendered":"4\u00aa Semana Interna de Sa\u00fade e Seguran\u00e7a do Trabalho inicia na prefeitura"},"content":{"rendered":"\n<figure class=\"wp-block-image size-full\"><img fetchpriority=\"high\" decoding=\"async\" width=\"860\" height=\"645\" src=\"https:\/\/prefeitura.santarosa.rs.gov.br\/wp-content\/uploads\/2023\/06\/Formato-Site-e-Portal-860X645-JPG-2023-06-26T151042.159.jpg\" alt=\"\" class=\"wp-image-7154\" srcset=\"https:\/\/prefeitura.santarosa.rs.gov.br\/wp-content\/uploads\/2023\/06\/Formato-Site-e-Portal-860X645-JPG-2023-06-26T151042.159.jpg 860w, https:\/\/prefeitura.santarosa.rs.gov.br\/wp-content\/uploads\/2023\/06\/Formato-Site-e-Portal-860X645-JPG-2023-06-26T151042.159-300x225.jpg 300w, https:\/\/prefeitura.santarosa.rs.gov.br\/wp-content\/uploads\/2023\/06\/Formato-Site-e-Portal-860X645-JPG-2023-06-26T151042.159-768x576.jpg 768w\" sizes=\"(max-width: 860px) 100vw, 860px\" \/><\/figure>\n\n\n\n<p><br>Come\u00e7ou nesta\u00a0segunda-feira (26), mais uma edi\u00e7\u00e3o da Semana Interna de Sa\u00fade e Seguran\u00e7a do Trabalho \u2013 SIPAT, da Prefeitura de Santa Rosa. A abertura oficial da programa\u00e7\u00e3o foi realizada em frente ao Pal\u00e1cio Municipal\u00a014 de Julho. O evento est\u00e1 sendo promovido atrav\u00e9s da Secretaria de Administra\u00e7\u00e3o e Fazenda, por meio do Setor de Seguran\u00e7a do Trabalho. At\u00e9 a pr\u00f3xima\u00a0quinta-feira (29), os servidores municipais v\u00e3o poder participar de palestras e outras a\u00e7\u00f5es que buscam orientar o trabalhador sobre a import\u00e2ncia da preven\u00e7\u00e3o de acidentes de trabalho e de doen\u00e7as ocupacionais.<\/p>\n\n\n\n<p><br>A 4\u00aa SIPAT tem o objetivo de conscientizar os servidores sobre a import\u00e2ncia da seguran\u00e7a, valoriza\u00e7\u00e3o e da qualidade de vida no ambiente de trabalho, com foco no conhecimento sobre os riscos ocupacionais. O Prefeito Anderson Mantei, destacou a a\u00e7\u00e3o, \u201cQueremos proporcionar para os nossos servidores todo o conhecimento necess\u00e1rio para prevenir e reduzir os acidentes de trabalho. S\u00e3o medidas simples de seguran\u00e7a, mas que auxiliam para um melhor desempenho das atividades e na qualidade de vida dos trabalhadores\u201d.<\/p>\n\n\n\n<p><br>Ap\u00f3s a abertura, representantes das secretarias participaram de uma a\u00e7\u00e3o realizada em parceria com o Sicredi Noroeste, sobre o tema: \u201cPreven\u00e7\u00e3o e preserva\u00e7\u00e3o do Meio Ambiente e Recursos Naturais\u201d. Segundo o T\u00e9cnico de Seguran\u00e7a do Trabalho e Coordenador da semana, Acione Freitas, foi preparada uma programa\u00e7\u00e3o diversa, com atividades que v\u00e3o trazer informa\u00e7\u00f5es e orienta\u00e7\u00f5es te\u00f3ricas e pr\u00e1ticas com temas voltados para a promo\u00e7\u00e3o da sa\u00fade do trabalhador, \u201cNosso objetivo \u00e9 que os servidores despertem para a cultura da seguran\u00e7a no trabalho e se sintam cada vez mais valorizados e motivados. As a\u00e7\u00f5es buscam preparar os trabalhadores para que sejam minimizados os atos e condi\u00e7\u00f5es inseguras, sempre buscando a prote\u00e7\u00e3o do nosso bem mais precioso, que \u00e9 a vida.\u201d As a\u00e7\u00f5es da 4\u00aa SIPAT, acontecem at\u00e9\u00a0quinta-feira, quando ser\u00e1 realizado \u00e0s 16h, um Simulado de combate a inc\u00eandio e Emerg\u00eancia com evacua\u00e7\u00e3o e \u00e0s 17h, o encerramento das atividades na prefeitura.<\/p>\n","protected":false},"excerpt":{"rendered":"<p>Come\u00e7ou nesta\u00a0segunda-feira (26), mais uma edi\u00e7\u00e3o da Semana Interna de Sa\u00fade e Seguran\u00e7a do Trabalho \u2013 SIPAT, da Prefeitura de<\/p>\n","protected":false},"author":5,"featured_media":7154,"comment_status":"open","ping_status":"open","sticky":false,"template":"","format":"standard","meta":{"footnotes":""},"categories":[4,13],"tags":[],"class_list":["post-7153","post","type-post","status-publish","format-standard","has-post-thumbnail","hentry","category-noticias","category-secretaria-municipal-de-administracao-e-fazenda"],"aioseo_notices":[],"_links":{"self":[{"href":"https:\/\/prefeitura.santarosa.rs.gov.br\/index.php?rest_route=\/wp\/v2\/posts\/7153","targetHints":{"allow":["GET"]}}],"collection":[{"href":"https:\/\/prefeitura.santarosa.rs.gov.br\/index.php?rest_route=\/wp\/v2\/posts"}],"about":[{"href":"https:\/\/prefeitura.santarosa.rs.gov.br\/index.php?rest_route=\/wp\/v2\/types\/post"}],"author":[{"embeddable":true,"href":"https:\/\/prefeitura.santarosa.rs.gov.br\/index.php?rest_route=\/wp\/v2\/users\/5"}],"replies":[{"embeddable":true,"href":"https:\/\/prefeitura.santarosa.rs.gov.br\/index.php?rest_route=%2Fwp%2Fv2%2Fcomments&post=7153"}],"version-history":[{"count":1,"href":"https:\/\/prefeitura.santarosa.rs.gov.br\/index.php?rest_route=\/wp\/v2\/posts\/7153\/revisions"}],"predecessor-version":[{"id":7155,"href":"https:\/\/prefeitura.santarosa.rs.gov.br\/index.php?rest_route=\/wp\/v2\/posts\/7153\/revisions\/7155"}],"wp:featuredmedia":[{"embeddable":true,"href":"https:\/\/prefeitura.santarosa.rs.gov.br\/index.php?rest_route=\/wp\/v2\/media\/7154"}],"wp:attachment":[{"href":"https:\/\/prefeitura.santarosa.rs.gov.br\/index.php?rest_route=%2Fwp%2Fv2%2Fmedia&parent=7153"}],"wp:term":[{"taxonomy":"category","embeddable":true,"href":"https:\/\/prefeitura.santarosa.rs.gov.br\/index.php?rest_route=%2Fwp%2Fv2%2Fcategories&post=7153"},{"taxonomy":"post_tag","embeddable":true,"href":"https:\/\/prefeitura.santarosa.rs.gov.br\/index.php?rest_route=%2Fwp%2Fv2%2Ftags&post=7153"}],"curies":[{"name":"wp","href":"https:\/\/api.w.org\/{rel}","templated":true}]}}