{"id":7144,"date":"2023-06-23T16:25:25","date_gmt":"2023-06-23T19:25:25","guid":{"rendered":"https:\/\/prefeitura.santarosa.rs.gov.br\/?p=7144"},"modified":"2024-10-07T09:53:12","modified_gmt":"2024-10-07T12:53:12","slug":"santa-rosa-deve-ter-55-de-rede-de-coleta-destinacao-e-tratamento-de-esgoto","status":"publish","type":"post","link":"https:\/\/prefeitura.santarosa.rs.gov.br\/?p=7144","title":{"rendered":"<strong>Santa Rosa deve ter 55% de rede de coleta, destina\u00e7\u00e3o e tratamento de esgoto<\/strong>"},"content":{"rendered":"\n<p><strong>Prefeito garante mais ruas asfaltadas ap\u00f3s as obras de saneamento realizadas pela Corsan<\/strong><\/p>\n\n\n\n<figure class=\"wp-block-image size-full\"><img fetchpriority=\"high\" decoding=\"async\" width=\"860\" height=\"645\" src=\"https:\/\/prefeitura.santarosa.rs.gov.br\/wp-content\/uploads\/2023\/06\/Formato-Site-e-Portal-860X645-JPG-2023-06-23T162016.445.jpg\" alt=\"\" class=\"wp-image-7145\" srcset=\"https:\/\/prefeitura.santarosa.rs.gov.br\/wp-content\/uploads\/2023\/06\/Formato-Site-e-Portal-860X645-JPG-2023-06-23T162016.445.jpg 860w, https:\/\/prefeitura.santarosa.rs.gov.br\/wp-content\/uploads\/2023\/06\/Formato-Site-e-Portal-860X645-JPG-2023-06-23T162016.445-300x225.jpg 300w, https:\/\/prefeitura.santarosa.rs.gov.br\/wp-content\/uploads\/2023\/06\/Formato-Site-e-Portal-860X645-JPG-2023-06-23T162016.445-768x576.jpg 768w\" sizes=\"(max-width: 860px) 100vw, 860px\" \/><\/figure>\n\n\n\n<p>O Prefeito Anderson Mantei anunciou na manh\u00e3 desta sexta-feira (23), que em breve grandes obras de pavimenta\u00e7\u00e3o devem iniciar em Santa Rosa. As melhorias na infraestrutura v\u00e3o acontecer ap\u00f3s a execu\u00e7\u00e3o da obra de Sistema de Esgoto Sanit\u00e1rio que vai ser realizada pela Corsan. O projeto de saneamento est\u00e1 em fase final de licita\u00e7\u00e3o e vai atender os bairros: Ouro Verde, Planalto, Sulina, Central, Gl\u00f3ria e Vila Nova.<\/p>\n\n\n\n<p>Anderson esteve em Porto Alegre nesta semana, em reuni\u00e3o com a nova presidente da Corsan, Samanta Popow Takimi, que assumiu o comando da companhia no \u00faltimo dia 13. A obra do Sistema de Esgoto Sanit\u00e1rio vai ter um investimento de R$ 15 milh\u00f5es. Segundo Mantei, ser\u00e3o 20 km de extens\u00e3o nos seis bairros. Com isso, Santa Rosa vai passar a ter 55% de rede de coleta, destina\u00e7\u00e3o e tratamento de esgoto, \u201cEsta a\u00e7\u00e3o \u00e9 de extrema import\u00e2ncia para nossa cidade, as obras v\u00e3o dar transtorno, mas ser\u00e3o fundamentais para que possamos avan\u00e7ar com a coleta de esgoto, e na sequ\u00eancia, j\u00e1 vamos dar continuidade \u00e0s obras de asfalto\u201d, ressaltou Anderson.<\/p>\n\n\n\n<p>As obras de saneamento v\u00e3o iniciar pelas ruas que est\u00e3o no cronograma da prefeitura, para assim, agilizar o servi\u00e7o de pavimenta\u00e7\u00e3o nestes locais. Ainda em Porto Alegre, o prefeito tamb\u00e9m esteve em uma reuni\u00e3o no Departamento Aut\u00f4nomo de Estradas de Rodagem \u2013 DAER\/RS. Na oportunidade, foram tratados projetos de melhorias para a mobilidade urbana de Santa Rosa, trevos e a\u00e7\u00f5es que promovam uma melhor trafegabilidade nas vias que d\u00e3o acesso ao munic\u00edpio. Os trevos de acesso de Santa Rosa v\u00e3o receber nova ilumina\u00e7\u00e3o. Al\u00e9m disso, foi levado para o DAER, uma proposta para alterar a configura\u00e7\u00e3o de alguns trevos com o objetivo de aumentar a seguran\u00e7a no local e evitar os acidentes de tr\u00e2nsito.<\/p>\n","protected":false},"excerpt":{"rendered":"<p>Prefeito garante mais ruas asfaltadas ap\u00f3s as obras de saneamento realizadas pela Corsan O Prefeito Anderson Mantei anunciou na manh\u00e3<\/p>\n","protected":false},"author":6,"featured_media":7146,"comment_status":"closed","ping_status":"closed","sticky":false,"template":"","format":"standard","meta":{"footnotes":""},"categories":[4,22,3],"tags":[],"class_list":["post-7144","post","type-post","status-publish","format-standard","has-post-thumbnail","hentry","category-noticias","category-secretaria-municipal-de-planejamento-e-habitacao","category-gabinete-do-prefeito"],"aioseo_notices":[],"_links":{"self":[{"href":"https:\/\/prefeitura.santarosa.rs.gov.br\/index.php?rest_route=\/wp\/v2\/posts\/7144","targetHints":{"allow":["GET"]}}],"collection":[{"href":"https:\/\/prefeitura.santarosa.rs.gov.br\/index.php?rest_route=\/wp\/v2\/posts"}],"about":[{"href":"https:\/\/prefeitura.santarosa.rs.gov.br\/index.php?rest_route=\/wp\/v2\/types\/post"}],"author":[{"embeddable":true,"href":"https:\/\/prefeitura.santarosa.rs.gov.br\/index.php?rest_route=\/wp\/v2\/users\/6"}],"replies":[{"embeddable":true,"href":"https:\/\/prefeitura.santarosa.rs.gov.br\/index.php?rest_route=%2Fwp%2Fv2%2Fcomments&post=7144"}],"version-history":[{"count":1,"href":"https:\/\/prefeitura.santarosa.rs.gov.br\/index.php?rest_route=\/wp\/v2\/posts\/7144\/revisions"}],"predecessor-version":[{"id":7147,"href":"https:\/\/prefeitura.santarosa.rs.gov.br\/index.php?rest_route=\/wp\/v2\/posts\/7144\/revisions\/7147"}],"wp:featuredmedia":[{"embeddable":true,"href":"https:\/\/prefeitura.santarosa.rs.gov.br\/index.php?rest_route=\/wp\/v2\/media\/7146"}],"wp:attachment":[{"href":"https:\/\/prefeitura.santarosa.rs.gov.br\/index.php?rest_route=%2Fwp%2Fv2%2Fmedia&parent=7144"}],"wp:term":[{"taxonomy":"category","embeddable":true,"href":"https:\/\/prefeitura.santarosa.rs.gov.br\/index.php?rest_route=%2Fwp%2Fv2%2Fcategories&post=7144"},{"taxonomy":"post_tag","embeddable":true,"href":"https:\/\/prefeitura.santarosa.rs.gov.br\/index.php?rest_route=%2Fwp%2Fv2%2Ftags&post=7144"}],"curies":[{"name":"wp","href":"https:\/\/api.w.org\/{rel}","templated":true}]}}