{"id":7136,"date":"2023-06-22T16:34:54","date_gmt":"2023-06-22T19:34:54","guid":{"rendered":"https:\/\/prefeitura.santarosa.rs.gov.br\/?p=7136"},"modified":"2024-10-07T09:53:12","modified_gmt":"2024-10-07T12:53:12","slug":"prefeito-se-reune-com-equipe-da-caixa-economica-federal-para-tratar-sobre-programas-habitacionais","status":"publish","type":"post","link":"https:\/\/prefeitura.santarosa.rs.gov.br\/?p=7136","title":{"rendered":"<strong>Prefeito se re\u00fane com equipe da Caixa Econ\u00f4mica Federal para tratar sobre Programas Habitacionais<\/strong>"},"content":{"rendered":"\n<figure class=\"wp-block-image size-full\"><img fetchpriority=\"high\" decoding=\"async\" width=\"860\" height=\"645\" src=\"https:\/\/prefeitura.santarosa.rs.gov.br\/wp-content\/uploads\/2023\/06\/Formato-Site-e-Portal-860X645-JPG-2023-06-22T163116.555.jpg\" alt=\"\" class=\"wp-image-7137\" srcset=\"https:\/\/prefeitura.santarosa.rs.gov.br\/wp-content\/uploads\/2023\/06\/Formato-Site-e-Portal-860X645-JPG-2023-06-22T163116.555.jpg 860w, https:\/\/prefeitura.santarosa.rs.gov.br\/wp-content\/uploads\/2023\/06\/Formato-Site-e-Portal-860X645-JPG-2023-06-22T163116.555-300x225.jpg 300w, https:\/\/prefeitura.santarosa.rs.gov.br\/wp-content\/uploads\/2023\/06\/Formato-Site-e-Portal-860X645-JPG-2023-06-22T163116.555-768x576.jpg 768w\" sizes=\"(max-width: 860px) 100vw, 860px\" \/><\/figure>\n\n\n\n<p>O Prefeito Anderson Mantei, recebeu na manh\u00e3 desta quinta-feira (22), uma equipe da Caixa Econ\u00f4mica Federal, para tratar sobre Programas Habitacionais para Santa Rosa. Na oportunidade, as lideran\u00e7as do banco e o prefeito falaram sobre o Programa Habitacional Santa Rosa Verde e Amarela, lan\u00e7ado pelo Governo Municipal neste ano e que est\u00e1 em andamento no munic\u00edpio.<\/p>\n\n\n\n<p>Mais de 20 contratos do Programa Santa Rosa Verde e Amarela j\u00e1 foram assinados na Caixa e est\u00e3o em processo de empenho na prefeitura. A inten\u00e7\u00e3o \u00e9 beneficiar a popula\u00e7\u00e3o para que o sonho da primeira casa pr\u00f3pria possa ser concretizado. No programa, o primeiro im\u00f3vel pode ser casa ou apartamento de at\u00e9 R$ 220 mil. Do valor da entrada, o munic\u00edpio subsidia R$ 18 mil, a fundo perdido. Al\u00e9m desta pauta, o prefeito tamb\u00e9m conversou sobre outros Programas Habitacionais dispon\u00edveis na institui\u00e7\u00e3o e sobre o andamento das obras do Financiamento \u00e0 Infraestrutura e ao Saneamento \u2013 FINISA.<\/p>\n\n\n\n<p>Anderson destacou que o Governo Municipal tem buscado estrat\u00e9gias para atrav\u00e9s do Planejamento Estrat\u00e9gico, investir recursos em obras e programas que proporcionem mais qualidade de vida para a popula\u00e7\u00e3o, \u201cNosso compromisso \u00e9 com o bem-estar das pessoas. Vamos atrav\u00e9s destas a\u00e7\u00f5es movimentar toda nossa economia e fazer com que Santa Rosa se desenvolva ainda mais\u201d. Participaram da reuni\u00e3o, o Vice-Prefeito Aldemir Ulrich, o Secret\u00e1rio de Planejamento e Habita\u00e7\u00e3o, Cl\u00e1udio Franke, a Diretora de Capta\u00e7\u00e3o e Recursos, Caliandra Perini, o Vereador Vitor De Conti, o Diretor de Contabilidade e Finan\u00e7as, Ademir Pies, o Superintendente de Rede, Eduardo Rockenbach, o Superintendente Executivo de Governo, Gustavo Muller, o Superintendente Executivo de Varejo, Ruben Grams, o Gerente Geral da Ag. Santa Rosa, Eduardo Steffen, o Gerente Geral da Ag. Pra\u00e7a Independ\u00eancia, Eloi Reichert, o Coordenador Gigov, Carlos Pizarro e o Supervisor T\u00e9cnico Gigov, Daniel Magagnin.<\/p>\n","protected":false},"excerpt":{"rendered":"<p>O Prefeito Anderson Mantei, recebeu na manh\u00e3 desta quinta-feira (22), uma equipe da Caixa Econ\u00f4mica Federal, para tratar sobre Programas<\/p>\n","protected":false},"author":6,"featured_media":7138,"comment_status":"closed","ping_status":"closed","sticky":false,"template":"","format":"standard","meta":{"footnotes":""},"categories":[4,22],"tags":[],"class_list":["post-7136","post","type-post","status-publish","format-standard","has-post-thumbnail","hentry","category-noticias","category-secretaria-municipal-de-planejamento-e-habitacao"],"aioseo_notices":[],"_links":{"self":[{"href":"https:\/\/prefeitura.santarosa.rs.gov.br\/index.php?rest_route=\/wp\/v2\/posts\/7136","targetHints":{"allow":["GET"]}}],"collection":[{"href":"https:\/\/prefeitura.santarosa.rs.gov.br\/index.php?rest_route=\/wp\/v2\/posts"}],"about":[{"href":"https:\/\/prefeitura.santarosa.rs.gov.br\/index.php?rest_route=\/wp\/v2\/types\/post"}],"author":[{"embeddable":true,"href":"https:\/\/prefeitura.santarosa.rs.gov.br\/index.php?rest_route=\/wp\/v2\/users\/6"}],"replies":[{"embeddable":true,"href":"https:\/\/prefeitura.santarosa.rs.gov.br\/index.php?rest_route=%2Fwp%2Fv2%2Fcomments&post=7136"}],"version-history":[{"count":1,"href":"https:\/\/prefeitura.santarosa.rs.gov.br\/index.php?rest_route=\/wp\/v2\/posts\/7136\/revisions"}],"predecessor-version":[{"id":7139,"href":"https:\/\/prefeitura.santarosa.rs.gov.br\/index.php?rest_route=\/wp\/v2\/posts\/7136\/revisions\/7139"}],"wp:featuredmedia":[{"embeddable":true,"href":"https:\/\/prefeitura.santarosa.rs.gov.br\/index.php?rest_route=\/wp\/v2\/media\/7138"}],"wp:attachment":[{"href":"https:\/\/prefeitura.santarosa.rs.gov.br\/index.php?rest_route=%2Fwp%2Fv2%2Fmedia&parent=7136"}],"wp:term":[{"taxonomy":"category","embeddable":true,"href":"https:\/\/prefeitura.santarosa.rs.gov.br\/index.php?rest_route=%2Fwp%2Fv2%2Fcategories&post=7136"},{"taxonomy":"post_tag","embeddable":true,"href":"https:\/\/prefeitura.santarosa.rs.gov.br\/index.php?rest_route=%2Fwp%2Fv2%2Ftags&post=7136"}],"curies":[{"name":"wp","href":"https:\/\/api.w.org\/{rel}","templated":true}]}}