{"id":7090,"date":"2023-06-16T17:19:36","date_gmt":"2023-06-16T20:19:36","guid":{"rendered":"https:\/\/prefeitura.santarosa.rs.gov.br\/?p=7090"},"modified":"2024-10-07T09:53:12","modified_gmt":"2024-10-07T12:53:12","slug":"ubs-julio-de-oliveira-recebe-nova-pintura","status":"publish","type":"post","link":"https:\/\/prefeitura.santarosa.rs.gov.br\/?p=7090","title":{"rendered":"Ubs J\u00falio de Oliveira recebe nova pintura"},"content":{"rendered":"\n<p><\/p>\n\n\n\n<figure class=\"wp-block-image size-full\"><img fetchpriority=\"high\" decoding=\"async\" width=\"860\" height=\"645\" src=\"https:\/\/prefeitura.santarosa.rs.gov.br\/wp-content\/uploads\/2023\/06\/Formato-Site-e-Portal-860X645-JPG-2023-06-16T170515.813.jpg\" alt=\"\" class=\"wp-image-7091\" srcset=\"https:\/\/prefeitura.santarosa.rs.gov.br\/wp-content\/uploads\/2023\/06\/Formato-Site-e-Portal-860X645-JPG-2023-06-16T170515.813.jpg 860w, https:\/\/prefeitura.santarosa.rs.gov.br\/wp-content\/uploads\/2023\/06\/Formato-Site-e-Portal-860X645-JPG-2023-06-16T170515.813-300x225.jpg 300w, https:\/\/prefeitura.santarosa.rs.gov.br\/wp-content\/uploads\/2023\/06\/Formato-Site-e-Portal-860X645-JPG-2023-06-16T170515.813-768x576.jpg 768w\" sizes=\"(max-width: 860px) 100vw, 860px\" \/><\/figure>\n\n\n\n<p>A Funda\u00e7\u00e3o Municipal de Sa\u00fade atrav\u00e9s da equipe do Departamento de Gest\u00e3o Estrat\u00e9gica e Participativa (DGEP), concluiu a pintura predial da UBS J\u00falio de Oliveira, no Bairro Cruzeiro. O pr\u00e9dio tem uma \u00e1rea total de 289,87&nbsp;m\u00b2&nbsp;de constru\u00e7\u00e3o. O objetivo foi melhorar a infraestrutura e oportunizar um espa\u00e7o ainda mais diferenciado para os usu\u00e1rios.<\/p>\n\n\n\n<p>O Posto de Sa\u00fade da Vila J\u00falio de Oliveira possui 3.949 pessoas na sua base territorial, aptas a usufru\u00edrem do atendimento desta unidade de sa\u00fade. Mensalmente cerca de 7000 mil procedimentos s\u00e3o realizados pelas equipes multiprofissionais (m\u00e9dicos, enfermeiras, dentistas, fonoaudi\u00f3logo, psic\u00f3logo, nutri\u00e7\u00e3o, assist\u00eancia social, educa\u00e7\u00e3o f\u00edsica). A pintura \u00e9 necess\u00e1ria para conserva\u00e7\u00e3o do pr\u00e9dio p\u00fablico que diariamente serve de abrigo para a presta\u00e7\u00e3o de servi\u00e7os por parte dos servidores p\u00fablicos.<\/p>\n\n\n\n<p>Segundo o Diretor do DGEP Fernando Borella, \u201cAs obras de pintura ser\u00e3o realizadas progressivamente nas outras Unidades de Sa\u00fade, conforme est\u00e1 previsto no Planejamento Estrat\u00e9gico da FUMSSAR. A pintura predial \u00e9 uma parte fundamental da manuten\u00e7\u00e3o de edif\u00edcios, sejam eles p\u00fablicos ou privados, pois contribui para a apar\u00eancia est\u00e9tica do pr\u00e9dio e tamb\u00e9m ajuda a proteg\u00ea-lo contra intemp\u00e9ries e varia\u00e7\u00f5es clim\u00e1ticas, desgastes por uso, entre outros danos\u201d.<\/p>\n\n\n\n<p>Estiveram em vistoria junto \u00e0 obra de pintura da UBS J\u00falio de Oliveira, al\u00e9m do diretor Fernando Borella, tamb\u00e9m o Chefe de Servi\u00e7os Auxiliares Charles Barcarolo e a Agente Administrativa Rachel Hertz da FUMSSAR.<\/p>\n","protected":false},"excerpt":{"rendered":"<p>A Funda\u00e7\u00e3o Municipal de Sa\u00fade atrav\u00e9s da equipe do Departamento de Gest\u00e3o Estrat\u00e9gica e Participativa (DGEP), concluiu a pintura predial<\/p>\n","protected":false},"author":5,"featured_media":7091,"comment_status":"open","ping_status":"open","sticky":false,"template":"","format":"standard","meta":{"footnotes":""},"categories":[4,8],"tags":[],"class_list":["post-7090","post","type-post","status-publish","format-standard","has-post-thumbnail","hentry","category-noticias","category-noticias-fumssar"],"aioseo_notices":[],"_links":{"self":[{"href":"https:\/\/prefeitura.santarosa.rs.gov.br\/index.php?rest_route=\/wp\/v2\/posts\/7090","targetHints":{"allow":["GET"]}}],"collection":[{"href":"https:\/\/prefeitura.santarosa.rs.gov.br\/index.php?rest_route=\/wp\/v2\/posts"}],"about":[{"href":"https:\/\/prefeitura.santarosa.rs.gov.br\/index.php?rest_route=\/wp\/v2\/types\/post"}],"author":[{"embeddable":true,"href":"https:\/\/prefeitura.santarosa.rs.gov.br\/index.php?rest_route=\/wp\/v2\/users\/5"}],"replies":[{"embeddable":true,"href":"https:\/\/prefeitura.santarosa.rs.gov.br\/index.php?rest_route=%2Fwp%2Fv2%2Fcomments&post=7090"}],"version-history":[{"count":1,"href":"https:\/\/prefeitura.santarosa.rs.gov.br\/index.php?rest_route=\/wp\/v2\/posts\/7090\/revisions"}],"predecessor-version":[{"id":7092,"href":"https:\/\/prefeitura.santarosa.rs.gov.br\/index.php?rest_route=\/wp\/v2\/posts\/7090\/revisions\/7092"}],"wp:featuredmedia":[{"embeddable":true,"href":"https:\/\/prefeitura.santarosa.rs.gov.br\/index.php?rest_route=\/wp\/v2\/media\/7091"}],"wp:attachment":[{"href":"https:\/\/prefeitura.santarosa.rs.gov.br\/index.php?rest_route=%2Fwp%2Fv2%2Fmedia&parent=7090"}],"wp:term":[{"taxonomy":"category","embeddable":true,"href":"https:\/\/prefeitura.santarosa.rs.gov.br\/index.php?rest_route=%2Fwp%2Fv2%2Fcategories&post=7090"},{"taxonomy":"post_tag","embeddable":true,"href":"https:\/\/prefeitura.santarosa.rs.gov.br\/index.php?rest_route=%2Fwp%2Fv2%2Ftags&post=7090"}],"curies":[{"name":"wp","href":"https:\/\/api.w.org\/{rel}","templated":true}]}}