{"id":7059,"date":"2023-06-13T15:21:00","date_gmt":"2023-06-13T18:21:00","guid":{"rendered":"https:\/\/prefeitura.santarosa.rs.gov.br\/?p=7059"},"modified":"2024-10-07T09:53:13","modified_gmt":"2024-10-07T12:53:13","slug":"mais-um-investimento-no-bairro-central","status":"publish","type":"post","link":"https:\/\/prefeitura.santarosa.rs.gov.br\/?p=7059","title":{"rendered":"Mais um investimento no Bairro Central"},"content":{"rendered":"\n<figure class=\"wp-block-image size-full\"><img fetchpriority=\"high\" decoding=\"async\" width=\"860\" height=\"645\" src=\"https:\/\/prefeitura.santarosa.rs.gov.br\/wp-content\/uploads\/2023\/06\/Formato-Site-e-Portal-860X645-JPG-2023-06-14T150825.570.jpg\" alt=\"\" class=\"wp-image-7060\" srcset=\"https:\/\/prefeitura.santarosa.rs.gov.br\/wp-content\/uploads\/2023\/06\/Formato-Site-e-Portal-860X645-JPG-2023-06-14T150825.570.jpg 860w, https:\/\/prefeitura.santarosa.rs.gov.br\/wp-content\/uploads\/2023\/06\/Formato-Site-e-Portal-860X645-JPG-2023-06-14T150825.570-300x225.jpg 300w, https:\/\/prefeitura.santarosa.rs.gov.br\/wp-content\/uploads\/2023\/06\/Formato-Site-e-Portal-860X645-JPG-2023-06-14T150825.570-768x576.jpg 768w\" sizes=\"(max-width: 860px) 100vw, 860px\" \/><\/figure>\n\n\n\n<p><br>O Prefeito Anderson Mantei assinou, nesta semana, mais uma importante ordem de in\u00edcio. Al\u00e9m da drenagem da Inhacor\u00e1, que&nbsp;ter\u00e1 mais de R$ 2,9 milh\u00f5es de investimentos, tamb\u00e9m&nbsp;ter\u00e1 in\u00edcio a execu\u00e7\u00e3o de mais uma obra de asfalto. A a\u00e7\u00e3o vai contemplar a pavimenta\u00e7\u00e3o asf\u00e1ltica com CBUQ sobre o cal\u00e7amento da Rua Tuiuti.&nbsp;<\/p>\n\n\n\n<p><br>O trecho que ser\u00e1 contemplado fica localizado entre a rua S\u00e3o Jos\u00e9 e a rua Uruguai, no Bairro Central. O prefeito comentou que essa obra faz parte do Planejamento Estrat\u00e9gico e \u00e9 mais uma das importantes a\u00e7\u00f5es que est\u00e3o sendo realizadas no Bairro Central, \u201cNossa cidade est\u00e1 recebendo melhorias, pois buscamos contemplar toda Santa Rosa oferecendo para nossa comunidade uma infraestrutura diferenciada, e preparando assim, cada vez mais, nossa cidade para receber novos investimentos\u201d. O valor de investimento \u00e9 de R$494.146,43 do FINISA.<\/p>\n\n\n\n<p><br>&nbsp;V\u00e3o ser realizados servi\u00e7os de execu\u00e7\u00e3o de meio fio e sarjeta de concreto, pavimenta\u00e7\u00e3o asf\u00e1ltica sobre cal\u00e7amento, rampas de acessibilidade, nivelamentos de tampas da Corsan e servi\u00e7o de sinaliza\u00e7\u00e3o horizontal e vertical. O prazo de execu\u00e7\u00e3o \u00e9 de 90 dias. Participaram do ato, o Secret\u00e1rio de Planejamento Cl\u00e1udio Franke, a Secret\u00e1ria de Educa\u00e7\u00e3o Lires Zimmermann, o representante da empresa vencedora da licita\u00e7\u00e3o, o Diretor de Planejamento Urbano Luis Fernando Marzari e a Diretora de Capta\u00e7\u00e3o de Recursos Caliandra Perini.<\/p>\n","protected":false},"excerpt":{"rendered":"<p>O Prefeito Anderson Mantei assinou, nesta semana, mais uma importante ordem de in\u00edcio. Al\u00e9m da drenagem da Inhacor\u00e1, que&nbsp;ter\u00e1 mais<\/p>\n","protected":false},"author":5,"featured_media":7060,"comment_status":"open","ping_status":"open","sticky":false,"template":"","format":"standard","meta":{"footnotes":""},"categories":[4,22],"tags":[],"class_list":["post-7059","post","type-post","status-publish","format-standard","has-post-thumbnail","hentry","category-noticias","category-secretaria-municipal-de-planejamento-e-habitacao"],"aioseo_notices":[],"_links":{"self":[{"href":"https:\/\/prefeitura.santarosa.rs.gov.br\/index.php?rest_route=\/wp\/v2\/posts\/7059","targetHints":{"allow":["GET"]}}],"collection":[{"href":"https:\/\/prefeitura.santarosa.rs.gov.br\/index.php?rest_route=\/wp\/v2\/posts"}],"about":[{"href":"https:\/\/prefeitura.santarosa.rs.gov.br\/index.php?rest_route=\/wp\/v2\/types\/post"}],"author":[{"embeddable":true,"href":"https:\/\/prefeitura.santarosa.rs.gov.br\/index.php?rest_route=\/wp\/v2\/users\/5"}],"replies":[{"embeddable":true,"href":"https:\/\/prefeitura.santarosa.rs.gov.br\/index.php?rest_route=%2Fwp%2Fv2%2Fcomments&post=7059"}],"version-history":[{"count":3,"href":"https:\/\/prefeitura.santarosa.rs.gov.br\/index.php?rest_route=\/wp\/v2\/posts\/7059\/revisions"}],"predecessor-version":[{"id":7417,"href":"https:\/\/prefeitura.santarosa.rs.gov.br\/index.php?rest_route=\/wp\/v2\/posts\/7059\/revisions\/7417"}],"wp:featuredmedia":[{"embeddable":true,"href":"https:\/\/prefeitura.santarosa.rs.gov.br\/index.php?rest_route=\/wp\/v2\/media\/7060"}],"wp:attachment":[{"href":"https:\/\/prefeitura.santarosa.rs.gov.br\/index.php?rest_route=%2Fwp%2Fv2%2Fmedia&parent=7059"}],"wp:term":[{"taxonomy":"category","embeddable":true,"href":"https:\/\/prefeitura.santarosa.rs.gov.br\/index.php?rest_route=%2Fwp%2Fv2%2Fcategories&post=7059"},{"taxonomy":"post_tag","embeddable":true,"href":"https:\/\/prefeitura.santarosa.rs.gov.br\/index.php?rest_route=%2Fwp%2Fv2%2Ftags&post=7059"}],"curies":[{"name":"wp","href":"https:\/\/api.w.org\/{rel}","templated":true}]}}