{"id":7043,"date":"2023-06-12T10:29:54","date_gmt":"2023-06-12T13:29:54","guid":{"rendered":"https:\/\/prefeitura.santarosa.rs.gov.br\/?p=7043"},"modified":"2024-10-07T09:53:13","modified_gmt":"2024-10-07T12:53:13","slug":"obra-de-r-29-milhoes-para-drenagem-da-av-inhacora","status":"publish","type":"post","link":"https:\/\/prefeitura.santarosa.rs.gov.br\/?p=7043","title":{"rendered":"Obra de R$ 2,9 milh\u00f5es para drenagem da Av. Inhacor\u00e1"},"content":{"rendered":"\n<p><\/p>\n\n\n\n<p>Um problema de mais de 30 anos que afeta os moradores da regi\u00e3o pr\u00f3xima \u00e0 Av. Inhacor\u00e1 est\u00e1 prestes a ser solucionado. O prefeito Anderson Mantei assinou a ordem de in\u00edcio dos servi\u00e7os de drenagem pluvial no local. O objetivo \u00e9 melhorar a infraestrutura, al\u00e9m de prevenir inunda\u00e7\u00f5es. A obra vai ser realizada nas ruas: Av. Inhacor\u00e1, Mau\u00e1 e Euclides da Cunha, em um trecho de 1.120 metros. V\u00e3o ser investidos R$ 2,9 milh\u00f5es.<\/p>\n\n\n\n<p>O projeto prev\u00ea a instala\u00e7\u00e3o de tubula\u00e7\u00f5es de concreto armado para conectar as galerias subterr\u00e2neas com novos bueiros, que ser\u00e3o constru\u00eddos por toda a extens\u00e3o da via. Tamb\u00e9m est\u00e3o previstos, os servi\u00e7os de recomposi\u00e7\u00e3o do pavimento ap\u00f3s a implementa\u00e7\u00e3o da rede de drenagem. O Prefeito Anderson Mantei, destacou que esta era uma antiga demanda dos moradores da regi\u00e3o e que agora ser\u00e1 concretizada, \u201cEsta \u00e9 uma important\u00edssima obra que vai melhorar a infraestrutura de Santa Rosa, esse \u00e9 um local com um problema de drenagem que afeta muitos moradores h\u00e1 bastante tempo. Vamos realizar uma obra de infraestrutura para oferecer mais seguran\u00e7a, al\u00e9m de prevenir os alagamentos e inunda\u00e7\u00f5es que possam trazer preju\u00edzos para a popula\u00e7\u00e3o\u201d.<\/p>\n\n\n\n<p>O presidente da C\u00e2mara de Vereadores Cl\u00e1udio Schmidt, o Secret\u00e1rio de Mobilidade Urbana Maicon Zamboni, o empres\u00e1rio Laureano Chitolina e o Engenheiro Luis Fernando Marzari participaram da assinatura de ordem de in\u00edcio. V\u00e3o ser investidos na obra, R$&nbsp;<a href=\"callto:2.950.727,74\">2.950.727,74<\/a>&nbsp;do Fundo de Gest\u00e3o Compartilhada de Saneamento &#8211; FGCS. Os servi\u00e7os v\u00e3o ser realizados na Avenida Inhacor\u00e1 (trecho entre a Avenida Santa Cruz e a Rua Mau\u00e1), na Rua Mau\u00e1 (trecho entre a Avenida Inhacor\u00e1 e a Rua Euclides da Cunha) e na Rua Euclides da Cunha (trecho entre a Rua Guapor\u00e9 e o Arroio Pessegueirinho), no Centro. O prazo de execu\u00e7\u00e3o das obras \u00e9 de 180 dias corridos, conforme contrato.<\/p>\n","protected":false},"excerpt":{"rendered":"<p>Um problema de mais de 30 anos que afeta os moradores da regi\u00e3o pr\u00f3xima \u00e0 Av. Inhacor\u00e1 est\u00e1 prestes a<\/p>\n","protected":false},"author":5,"featured_media":7045,"comment_status":"open","ping_status":"open","sticky":false,"template":"","format":"standard","meta":{"footnotes":""},"categories":[4,22],"tags":[],"class_list":["post-7043","post","type-post","status-publish","format-standard","has-post-thumbnail","hentry","category-noticias","category-secretaria-municipal-de-planejamento-e-habitacao"],"aioseo_notices":[],"_links":{"self":[{"href":"https:\/\/prefeitura.santarosa.rs.gov.br\/index.php?rest_route=\/wp\/v2\/posts\/7043","targetHints":{"allow":["GET"]}}],"collection":[{"href":"https:\/\/prefeitura.santarosa.rs.gov.br\/index.php?rest_route=\/wp\/v2\/posts"}],"about":[{"href":"https:\/\/prefeitura.santarosa.rs.gov.br\/index.php?rest_route=\/wp\/v2\/types\/post"}],"author":[{"embeddable":true,"href":"https:\/\/prefeitura.santarosa.rs.gov.br\/index.php?rest_route=\/wp\/v2\/users\/5"}],"replies":[{"embeddable":true,"href":"https:\/\/prefeitura.santarosa.rs.gov.br\/index.php?rest_route=%2Fwp%2Fv2%2Fcomments&post=7043"}],"version-history":[{"count":1,"href":"https:\/\/prefeitura.santarosa.rs.gov.br\/index.php?rest_route=\/wp\/v2\/posts\/7043\/revisions"}],"predecessor-version":[{"id":7046,"href":"https:\/\/prefeitura.santarosa.rs.gov.br\/index.php?rest_route=\/wp\/v2\/posts\/7043\/revisions\/7046"}],"wp:featuredmedia":[{"embeddable":true,"href":"https:\/\/prefeitura.santarosa.rs.gov.br\/index.php?rest_route=\/wp\/v2\/media\/7045"}],"wp:attachment":[{"href":"https:\/\/prefeitura.santarosa.rs.gov.br\/index.php?rest_route=%2Fwp%2Fv2%2Fmedia&parent=7043"}],"wp:term":[{"taxonomy":"category","embeddable":true,"href":"https:\/\/prefeitura.santarosa.rs.gov.br\/index.php?rest_route=%2Fwp%2Fv2%2Fcategories&post=7043"},{"taxonomy":"post_tag","embeddable":true,"href":"https:\/\/prefeitura.santarosa.rs.gov.br\/index.php?rest_route=%2Fwp%2Fv2%2Ftags&post=7043"}],"curies":[{"name":"wp","href":"https:\/\/api.w.org\/{rel}","templated":true}]}}