{"id":7014,"date":"2023-06-07T16:20:56","date_gmt":"2023-06-07T19:20:56","guid":{"rendered":"https:\/\/prefeitura.santarosa.rs.gov.br\/?p=7014"},"modified":"2024-10-07T09:53:13","modified_gmt":"2024-10-07T12:53:13","slug":"santa-rosa-firma-convenio-com-o-municipio-de-obera-na-argentina","status":"publish","type":"post","link":"https:\/\/prefeitura.santarosa.rs.gov.br\/?p=7014","title":{"rendered":"<strong>Santa Rosa firma conv\u00eanio com o munic\u00edpio de Ober\u00e1 na Argentina<\/strong>"},"content":{"rendered":"\n<figure class=\"wp-block-image size-full\"><img fetchpriority=\"high\" decoding=\"async\" width=\"860\" height=\"645\" src=\"https:\/\/prefeitura.santarosa.rs.gov.br\/wp-content\/uploads\/2023\/06\/convenio-obera.jpg\" alt=\"\" class=\"wp-image-7015\" srcset=\"https:\/\/prefeitura.santarosa.rs.gov.br\/wp-content\/uploads\/2023\/06\/convenio-obera.jpg 860w, https:\/\/prefeitura.santarosa.rs.gov.br\/wp-content\/uploads\/2023\/06\/convenio-obera-300x225.jpg 300w, https:\/\/prefeitura.santarosa.rs.gov.br\/wp-content\/uploads\/2023\/06\/convenio-obera-768x576.jpg 768w\" sizes=\"(max-width: 860px) 100vw, 860px\" \/><\/figure>\n\n\n\n<p>O Prefeito de Santa Rosa, Anderson Mantei recebeu na manh\u00e3 desta quarta-feira (07), a visita de uma comitiva de Ober\u00e1 na Argentina. Na oportunidade, foi assinado entre as duas cidades, o Conv\u00eanio Marco de Irmana\u00e7\u00e3o, de Colabora\u00e7\u00e3o M\u00fatua e de Interesses Rec\u00edprocos. O objetivo da parceria \u00e9 facilitar o acesso ao turismo, ao emprego e promover um interc\u00e2mbio social, cultural e econ\u00f4mico entre os munic\u00edpios. A a\u00e7\u00e3o aconteceu no audit\u00f3rio do Pal\u00e1cio Municipal 14 de Julho e contou com a presen\u00e7a de autoridades e institui\u00e7\u00f5es.<\/p>\n\n\n\n<p>O Protocolo de Inten\u00e7\u00f5es firmado fortalece a coopera\u00e7\u00e3o m\u00fatua e a parceria entre os dois munic\u00edpios. O Secret\u00e1rio-Geral do Governo de Ober\u00e1, Diego Capolupo, agradeceu a recep\u00e7\u00e3o calorosa e destacou a import\u00e2ncia deste acontecimento, \u201cSomos cidades irm\u00e3s e esse \u00e9 um passo a mais que damos para potencializar a parceria e a sinergia entre Santa Rosa e Ober\u00e1\u201d. Os argentinos tamb\u00e9m acertaram a partir deste conv\u00eanio, outras a\u00e7\u00f5es em conjunto com o munic\u00edpio de Santa Rosa.<\/p>\n\n\n\n<p>A atividade teve a participa\u00e7\u00e3o do Diretor do Alibem, \u00c2ngelo Meneghetti, que foi uma das empresas que iniciou este processo, em fun\u00e7\u00e3o das demandas de empregos no frigor\u00edfico. O Prefeito Anderson Mantei, ressaltou que Santa Rosa est\u00e1 preparada para receber os argentinos que decidirem vir para o munic\u00edpio, \u201cEste \u00e9 um avan\u00e7o importante para preencher as vagas de emprego nas ind\u00fastrias e empresas da nossa cidade. Estamos preparados e temos infraestrutura para receber os trabalhadores argentinos que v\u00e3o ocupar os postos de trabalho e trazer suas fam\u00edlias para viverem aqui. Com certeza, esta parceria entre Santa Rosa e Ober\u00e1 vai promover ainda mais, o desenvolvimento do nosso munic\u00edpio\u201d. Ap\u00f3s o ato de assinatura, as autoridades conversaram com a imprensa local.<\/p>\n","protected":false},"excerpt":{"rendered":"<p>O Prefeito de Santa Rosa, Anderson Mantei recebeu na manh\u00e3 desta quarta-feira (07), a visita de uma comitiva de Ober\u00e1<\/p>\n","protected":false},"author":6,"featured_media":7016,"comment_status":"closed","ping_status":"closed","sticky":false,"template":"","format":"standard","meta":{"footnotes":""},"categories":[4,16,3],"tags":[],"class_list":["post-7014","post","type-post","status-publish","format-standard","has-post-thumbnail","hentry","category-noticias","category-secretaria-municipal-de-desenvolvimento-economico-turismo-e-tecnologia","category-gabinete-do-prefeito"],"aioseo_notices":[],"_links":{"self":[{"href":"https:\/\/prefeitura.santarosa.rs.gov.br\/index.php?rest_route=\/wp\/v2\/posts\/7014","targetHints":{"allow":["GET"]}}],"collection":[{"href":"https:\/\/prefeitura.santarosa.rs.gov.br\/index.php?rest_route=\/wp\/v2\/posts"}],"about":[{"href":"https:\/\/prefeitura.santarosa.rs.gov.br\/index.php?rest_route=\/wp\/v2\/types\/post"}],"author":[{"embeddable":true,"href":"https:\/\/prefeitura.santarosa.rs.gov.br\/index.php?rest_route=\/wp\/v2\/users\/6"}],"replies":[{"embeddable":true,"href":"https:\/\/prefeitura.santarosa.rs.gov.br\/index.php?rest_route=%2Fwp%2Fv2%2Fcomments&post=7014"}],"version-history":[{"count":1,"href":"https:\/\/prefeitura.santarosa.rs.gov.br\/index.php?rest_route=\/wp\/v2\/posts\/7014\/revisions"}],"predecessor-version":[{"id":7017,"href":"https:\/\/prefeitura.santarosa.rs.gov.br\/index.php?rest_route=\/wp\/v2\/posts\/7014\/revisions\/7017"}],"wp:featuredmedia":[{"embeddable":true,"href":"https:\/\/prefeitura.santarosa.rs.gov.br\/index.php?rest_route=\/wp\/v2\/media\/7016"}],"wp:attachment":[{"href":"https:\/\/prefeitura.santarosa.rs.gov.br\/index.php?rest_route=%2Fwp%2Fv2%2Fmedia&parent=7014"}],"wp:term":[{"taxonomy":"category","embeddable":true,"href":"https:\/\/prefeitura.santarosa.rs.gov.br\/index.php?rest_route=%2Fwp%2Fv2%2Fcategories&post=7014"},{"taxonomy":"post_tag","embeddable":true,"href":"https:\/\/prefeitura.santarosa.rs.gov.br\/index.php?rest_route=%2Fwp%2Fv2%2Ftags&post=7014"}],"curies":[{"name":"wp","href":"https:\/\/api.w.org\/{rel}","templated":true}]}}