{"id":6989,"date":"2023-06-06T08:54:52","date_gmt":"2023-06-06T11:54:52","guid":{"rendered":"https:\/\/prefeitura.santarosa.rs.gov.br\/?p=6989"},"modified":"2024-10-07T09:53:13","modified_gmt":"2024-10-07T12:53:13","slug":"dia-mundial-do-meio-ambiente-e-celebrado-na-prefeitura","status":"publish","type":"post","link":"https:\/\/prefeitura.santarosa.rs.gov.br\/?p=6989","title":{"rendered":"<strong>Dia Mundial do Meio Ambiente \u00e9 celebrado na prefeitura<\/strong>"},"content":{"rendered":"\n<figure class=\"wp-block-image size-full\"><img fetchpriority=\"high\" decoding=\"async\" width=\"860\" height=\"645\" src=\"https:\/\/prefeitura.santarosa.rs.gov.br\/wp-content\/uploads\/2023\/06\/Formato-Site-e-Portal-860X645-JPG-2023-06-05T154542.331.jpg\" alt=\"\" class=\"wp-image-6990\" srcset=\"https:\/\/prefeitura.santarosa.rs.gov.br\/wp-content\/uploads\/2023\/06\/Formato-Site-e-Portal-860X645-JPG-2023-06-05T154542.331.jpg 860w, https:\/\/prefeitura.santarosa.rs.gov.br\/wp-content\/uploads\/2023\/06\/Formato-Site-e-Portal-860X645-JPG-2023-06-05T154542.331-300x225.jpg 300w, https:\/\/prefeitura.santarosa.rs.gov.br\/wp-content\/uploads\/2023\/06\/Formato-Site-e-Portal-860X645-JPG-2023-06-05T154542.331-768x576.jpg 768w\" sizes=\"(max-width: 860px) 100vw, 860px\" \/><\/figure>\n\n\n\n<p>A Prefeitura de Santa Rosa atrav\u00e9s da Secretaria de Meio Ambiente, realizou nesta segunda-feira, um evento em celebra\u00e7\u00e3o ao Dia Mundial do Meio Ambiente (05 de junho). A a\u00e7\u00e3o aconteceu no audit\u00f3rio do Pal\u00e1cio Municipal 14 de Julho, com o objetivo de conscientizar sobre a import\u00e2ncia de preservar os recursos naturais e proteger o planeta. Foram realizadas atividades para os servidores, com temas sobre redu\u00e7\u00e3o de res\u00edduos, reutiliza\u00e7\u00e3o e reciclagem de materiais.<\/p>\n\n\n\n<p>Na parte da manh\u00e3, houve uma palestra com o Supervisor de Unidade, Douglas Fiorin, da Empresa CRVR, respons\u00e1vel pela destina\u00e7\u00e3o final dos res\u00edduos s\u00f3lidos urbanos de Santa Rosa. Douglas trouxe informa\u00e7\u00f5es sobre o funcionamento do aterro sanit\u00e1rio e a import\u00e2ncia da separa\u00e7\u00e3o adequada dos res\u00edduos. O Vice-Prefeito, Aldemir Ulrich, participou da atividade, \u201cCada um de n\u00f3s pode fazer a diferen\u00e7a, atrav\u00e9s de pequenas mudan\u00e7as em nosso dia a dia, como separar corretamente o lixo, reutilizar embalagens e reduzir o consumo de recursos naturais, como a \u00e1gua. Somos respons\u00e1veis pelo planeta que vamos entregar para as gera\u00e7\u00f5es futuras e isso \u00e9 uma grande responsabilidade que devemos cumprir\u201d.<\/p>\n\n\n\n<p>Em outro momento, a Bi\u00f3loga Carine Zambonato, da Cooperativa Coopervida, falou sobre o trabalho desenvolvido pela institui\u00e7\u00e3o, que atrav\u00e9s da triagem dos res\u00edduos, permite que esses sejam reaproveitados, reduzindo a extra\u00e7\u00e3o de novas mat\u00e9rias primas e minimizando os impactos de produ\u00e7\u00e3o. O Secret\u00e1rio de Meio Ambiente, Jo\u00e3o Dorneles, ressaltou que este \u00e9 um momento de reflex\u00e3o sobre a import\u00e2ncia de cuidar todos os dias, do meio ambiente, &#8220;Se cada um de n\u00f3s fizer a sua parte, vamos colaborar para a preserva\u00e7\u00e3o do nosso planeta, garantindo que nossos filhos, netos e futura descend\u00eancia possam viver com qualidade de vida e em seguran\u00e7a&#8221;. A equipe da Secretaria de Meio Ambiente tamb\u00e9m vai realizar na pr\u00f3xima semana, no dia 17\/06, uma a\u00e7\u00e3o na Pra\u00e7a da Bandeira, de recolhimento de res\u00edduos eletr\u00f4nicos e pneus.<\/p>\n","protected":false},"excerpt":{"rendered":"<p>A Prefeitura de Santa Rosa atrav\u00e9s da Secretaria de Meio Ambiente, realizou nesta segunda-feira, um evento em celebra\u00e7\u00e3o ao Dia<\/p>\n","protected":false},"author":6,"featured_media":6991,"comment_status":"closed","ping_status":"closed","sticky":false,"template":"","format":"standard","meta":{"footnotes":""},"categories":[4,20],"tags":[],"class_list":["post-6989","post","type-post","status-publish","format-standard","has-post-thumbnail","hentry","category-noticias","category-secretaria-municipal-de-meio-ambiente"],"aioseo_notices":[],"_links":{"self":[{"href":"https:\/\/prefeitura.santarosa.rs.gov.br\/index.php?rest_route=\/wp\/v2\/posts\/6989","targetHints":{"allow":["GET"]}}],"collection":[{"href":"https:\/\/prefeitura.santarosa.rs.gov.br\/index.php?rest_route=\/wp\/v2\/posts"}],"about":[{"href":"https:\/\/prefeitura.santarosa.rs.gov.br\/index.php?rest_route=\/wp\/v2\/types\/post"}],"author":[{"embeddable":true,"href":"https:\/\/prefeitura.santarosa.rs.gov.br\/index.php?rest_route=\/wp\/v2\/users\/6"}],"replies":[{"embeddable":true,"href":"https:\/\/prefeitura.santarosa.rs.gov.br\/index.php?rest_route=%2Fwp%2Fv2%2Fcomments&post=6989"}],"version-history":[{"count":1,"href":"https:\/\/prefeitura.santarosa.rs.gov.br\/index.php?rest_route=\/wp\/v2\/posts\/6989\/revisions"}],"predecessor-version":[{"id":6992,"href":"https:\/\/prefeitura.santarosa.rs.gov.br\/index.php?rest_route=\/wp\/v2\/posts\/6989\/revisions\/6992"}],"wp:featuredmedia":[{"embeddable":true,"href":"https:\/\/prefeitura.santarosa.rs.gov.br\/index.php?rest_route=\/wp\/v2\/media\/6991"}],"wp:attachment":[{"href":"https:\/\/prefeitura.santarosa.rs.gov.br\/index.php?rest_route=%2Fwp%2Fv2%2Fmedia&parent=6989"}],"wp:term":[{"taxonomy":"category","embeddable":true,"href":"https:\/\/prefeitura.santarosa.rs.gov.br\/index.php?rest_route=%2Fwp%2Fv2%2Fcategories&post=6989"},{"taxonomy":"post_tag","embeddable":true,"href":"https:\/\/prefeitura.santarosa.rs.gov.br\/index.php?rest_route=%2Fwp%2Fv2%2Ftags&post=6989"}],"curies":[{"name":"wp","href":"https:\/\/api.w.org\/{rel}","templated":true}]}}