{"id":6915,"date":"2023-05-30T09:08:02","date_gmt":"2023-05-30T12:08:02","guid":{"rendered":"https:\/\/prefeitura.santarosa.rs.gov.br\/?p=6915"},"modified":"2024-10-07T09:53:32","modified_gmt":"2024-10-07T12:53:32","slug":"escola-paul-harris-realiza-piquenique-literario-com-os-alunos","status":"publish","type":"post","link":"https:\/\/prefeitura.santarosa.rs.gov.br\/?p=6915","title":{"rendered":"Escola Paul Harris realiza Piquenique Liter\u00e1rio com os alunos"},"content":{"rendered":"\n<figure class=\"wp-block-image size-full\"><img fetchpriority=\"high\" decoding=\"async\" width=\"860\" height=\"645\" src=\"https:\/\/prefeitura.santarosa.rs.gov.br\/wp-content\/uploads\/2023\/05\/Formato-Site-e-Portal-860X645-JPG-2023-05-30T090110.980.jpg\" alt=\"\" class=\"wp-image-6916\" srcset=\"https:\/\/prefeitura.santarosa.rs.gov.br\/wp-content\/uploads\/2023\/05\/Formato-Site-e-Portal-860X645-JPG-2023-05-30T090110.980.jpg 860w, https:\/\/prefeitura.santarosa.rs.gov.br\/wp-content\/uploads\/2023\/05\/Formato-Site-e-Portal-860X645-JPG-2023-05-30T090110.980-300x225.jpg 300w, https:\/\/prefeitura.santarosa.rs.gov.br\/wp-content\/uploads\/2023\/05\/Formato-Site-e-Portal-860X645-JPG-2023-05-30T090110.980-768x576.jpg 768w\" sizes=\"(max-width: 860px) 100vw, 860px\" \/><\/figure>\n\n\n\n<p>Livros de poesia, fic\u00e7\u00e3o e cl\u00e1ssicos da literatura infantil foram compartilhados entre os alunos da EMEF Paul Harris, na \u00faltima semana, durante uma atividade pra l\u00e1 de saborosa. Os estudantes participaram de um Piquenique Liter\u00e1rio. A a\u00e7\u00e3o teve como objetivo estimular o h\u00e1bito da leitura, a oralidade e a imagina\u00e7\u00e3o, fatores importantes para o desenvolvimento infantil. Participaram do projeto, estudantes do 2\u00ba e 3\u00ba ano, que al\u00e9m de apreciar suas hist\u00f3rias favoritas, puderam tamb\u00e9m degustar um delicioso ch\u00e1 e lanches preparados pelas fam\u00edlias.\u00a0<\/p>\n\n\n\n<p><br>A atividade consistiu em um momento de cultura e aprendizado com enfoque na leitura. As cestas de piquenique estavam repletas de literaturas, sendo que cada aluno tinha a miss\u00e3o de libertar um livro ou um poema. A Secret\u00e1ria de Educa\u00e7\u00e3o e Cultura, Lires Zimmermann, destacou que a\u00e7\u00f5es como esta, promovem a aprendizagem de forma leve e l\u00fadica, \u201cOs Piqueniques Liter\u00e1rios aproximam os alunos dos livros. \u00c9 um momento \u00fanico que eles podem usar a imagina\u00e7\u00e3o e viajar no mundo das palavras, criando mem\u00f3rias afetivas e desenvolvendo o gosto pela leitura\u201d.<\/p>\n\n\n\n<p><br>A a\u00e7\u00e3o foi coordenada pelas professoras Silvana Gasparetto Lodi e Gioseli Zorzan, que afirmaram que a atividade foi um sucesso. \u201cFoi um momento de aconchego e desenvolvimento de habilidades envolvendo a leitura. Os alunos puderam apreciar os livros e conhecer novas aventuras e autores da literatura infantil\u201d, destacou Silvana. No retorno para a sala de aula, os estudantes fizeram a releitura de obras de arte sobre o Piquenique Liter\u00e1rio e a escrita de frases.<\/p>\n","protected":false},"excerpt":{"rendered":"<p>Livros de poesia, fic\u00e7\u00e3o e cl\u00e1ssicos da literatura infantil foram compartilhados entre os alunos da EMEF Paul Harris, na \u00faltima<\/p>\n","protected":false},"author":5,"featured_media":6916,"comment_status":"open","ping_status":"open","sticky":false,"template":"","format":"standard","meta":{"footnotes":""},"categories":[4,18],"tags":[],"class_list":["post-6915","post","type-post","status-publish","format-standard","has-post-thumbnail","hentry","category-noticias","category-secretaria-municipal-de-educacao-e-cultura"],"aioseo_notices":[],"_links":{"self":[{"href":"https:\/\/prefeitura.santarosa.rs.gov.br\/index.php?rest_route=\/wp\/v2\/posts\/6915","targetHints":{"allow":["GET"]}}],"collection":[{"href":"https:\/\/prefeitura.santarosa.rs.gov.br\/index.php?rest_route=\/wp\/v2\/posts"}],"about":[{"href":"https:\/\/prefeitura.santarosa.rs.gov.br\/index.php?rest_route=\/wp\/v2\/types\/post"}],"author":[{"embeddable":true,"href":"https:\/\/prefeitura.santarosa.rs.gov.br\/index.php?rest_route=\/wp\/v2\/users\/5"}],"replies":[{"embeddable":true,"href":"https:\/\/prefeitura.santarosa.rs.gov.br\/index.php?rest_route=%2Fwp%2Fv2%2Fcomments&post=6915"}],"version-history":[{"count":1,"href":"https:\/\/prefeitura.santarosa.rs.gov.br\/index.php?rest_route=\/wp\/v2\/posts\/6915\/revisions"}],"predecessor-version":[{"id":6917,"href":"https:\/\/prefeitura.santarosa.rs.gov.br\/index.php?rest_route=\/wp\/v2\/posts\/6915\/revisions\/6917"}],"wp:featuredmedia":[{"embeddable":true,"href":"https:\/\/prefeitura.santarosa.rs.gov.br\/index.php?rest_route=\/wp\/v2\/media\/6916"}],"wp:attachment":[{"href":"https:\/\/prefeitura.santarosa.rs.gov.br\/index.php?rest_route=%2Fwp%2Fv2%2Fmedia&parent=6915"}],"wp:term":[{"taxonomy":"category","embeddable":true,"href":"https:\/\/prefeitura.santarosa.rs.gov.br\/index.php?rest_route=%2Fwp%2Fv2%2Fcategories&post=6915"},{"taxonomy":"post_tag","embeddable":true,"href":"https:\/\/prefeitura.santarosa.rs.gov.br\/index.php?rest_route=%2Fwp%2Fv2%2Ftags&post=6915"}],"curies":[{"name":"wp","href":"https:\/\/api.w.org\/{rel}","templated":true}]}}