{"id":6895,"date":"2023-05-26T14:03:32","date_gmt":"2023-05-26T17:03:32","guid":{"rendered":"https:\/\/prefeitura.santarosa.rs.gov.br\/?p=6895"},"modified":"2024-10-07T09:53:32","modified_gmt":"2024-10-07T12:53:32","slug":"abertas-as-inscricoes-para-expositores-e-lancamentos-na-18a-feira-do-livro-de-santa-rosa","status":"publish","type":"post","link":"https:\/\/prefeitura.santarosa.rs.gov.br\/?p=6895","title":{"rendered":"<strong>Abertas as inscri\u00e7\u00f5es para expositores e lan\u00e7amentos na 18\u00aa Feira do Livro de Santa Rosa<\/strong>"},"content":{"rendered":"\n<figure class=\"wp-block-image size-full\"><img fetchpriority=\"high\" decoding=\"async\" width=\"860\" height=\"645\" src=\"https:\/\/prefeitura.santarosa.rs.gov.br\/wp-content\/uploads\/2023\/05\/Formato-Site-e-Portal-860X645-JPG-2023-05-26T135648.321.jpg\" alt=\"\" class=\"wp-image-6896\" srcset=\"https:\/\/prefeitura.santarosa.rs.gov.br\/wp-content\/uploads\/2023\/05\/Formato-Site-e-Portal-860X645-JPG-2023-05-26T135648.321.jpg 860w, https:\/\/prefeitura.santarosa.rs.gov.br\/wp-content\/uploads\/2023\/05\/Formato-Site-e-Portal-860X645-JPG-2023-05-26T135648.321-300x225.jpg 300w, https:\/\/prefeitura.santarosa.rs.gov.br\/wp-content\/uploads\/2023\/05\/Formato-Site-e-Portal-860X645-JPG-2023-05-26T135648.321-768x576.jpg 768w\" sizes=\"(max-width: 860px) 100vw, 860px\" \/><\/figure>\n\n\n\n<p>A Prefeitura de Santa Rosa por meio da Secretaria de Educa\u00e7\u00e3o e Cultura, informa que est\u00e3o abertas as inscri\u00e7\u00f5es para livreiros e lan\u00e7amentos na 18\u00aa Feira do Livro &#8211; 2023. A inscri\u00e7\u00e3o e apresenta\u00e7\u00e3o da documenta\u00e7\u00e3o podem ser realizadas at\u00e9 o dia 09\/06.<\/p>\n\n\n\n<p>Os livreiros interessados em participar devem comparecer com o formul\u00e1rio preenchido no Setor de Protocolo da prefeitura. J\u00e1 os autores, que querem realizar um lan\u00e7amento liter\u00e1rio na 18\u00aa Feira do Livro de Santa Rosa, precisam preencher o formul\u00e1rio e enviar por e-mail para os endere\u00e7os indicados no regulamento.<\/p>\n\n\n\n<p>A Feira do Livro de 2023 vai acontecer de 06 a 11 de julho, novamente na Pra\u00e7a da Bandeira e seu entorno. V\u00e1rias atividades est\u00e3o sendo organizadas em parceria com escritores locais, escolas e institui\u00e7\u00f5es do munic\u00edpio. Est\u00e3o dispon\u00edveis no site da prefeitura (www.santarosa.rs.gov.br), o edital, extrato, regulamento e os formul\u00e1rios para preenchimento.<\/p>\n\n\n\n<p>Para mais informa\u00e7\u00f5es, contatar o Departamento de Cultura pelo telefone: (55) 3511-5112.<\/p>\n","protected":false},"excerpt":{"rendered":"<p>A Prefeitura de Santa Rosa por meio da Secretaria de Educa\u00e7\u00e3o e Cultura, informa que est\u00e3o abertas as inscri\u00e7\u00f5es para<\/p>\n","protected":false},"author":6,"featured_media":6897,"comment_status":"closed","ping_status":"closed","sticky":false,"template":"","format":"standard","meta":{"footnotes":""},"categories":[4,18],"tags":[],"class_list":["post-6895","post","type-post","status-publish","format-standard","has-post-thumbnail","hentry","category-noticias","category-secretaria-municipal-de-educacao-e-cultura"],"aioseo_notices":[],"_links":{"self":[{"href":"https:\/\/prefeitura.santarosa.rs.gov.br\/index.php?rest_route=\/wp\/v2\/posts\/6895","targetHints":{"allow":["GET"]}}],"collection":[{"href":"https:\/\/prefeitura.santarosa.rs.gov.br\/index.php?rest_route=\/wp\/v2\/posts"}],"about":[{"href":"https:\/\/prefeitura.santarosa.rs.gov.br\/index.php?rest_route=\/wp\/v2\/types\/post"}],"author":[{"embeddable":true,"href":"https:\/\/prefeitura.santarosa.rs.gov.br\/index.php?rest_route=\/wp\/v2\/users\/6"}],"replies":[{"embeddable":true,"href":"https:\/\/prefeitura.santarosa.rs.gov.br\/index.php?rest_route=%2Fwp%2Fv2%2Fcomments&post=6895"}],"version-history":[{"count":1,"href":"https:\/\/prefeitura.santarosa.rs.gov.br\/index.php?rest_route=\/wp\/v2\/posts\/6895\/revisions"}],"predecessor-version":[{"id":6898,"href":"https:\/\/prefeitura.santarosa.rs.gov.br\/index.php?rest_route=\/wp\/v2\/posts\/6895\/revisions\/6898"}],"wp:featuredmedia":[{"embeddable":true,"href":"https:\/\/prefeitura.santarosa.rs.gov.br\/index.php?rest_route=\/wp\/v2\/media\/6897"}],"wp:attachment":[{"href":"https:\/\/prefeitura.santarosa.rs.gov.br\/index.php?rest_route=%2Fwp%2Fv2%2Fmedia&parent=6895"}],"wp:term":[{"taxonomy":"category","embeddable":true,"href":"https:\/\/prefeitura.santarosa.rs.gov.br\/index.php?rest_route=%2Fwp%2Fv2%2Fcategories&post=6895"},{"taxonomy":"post_tag","embeddable":true,"href":"https:\/\/prefeitura.santarosa.rs.gov.br\/index.php?rest_route=%2Fwp%2Fv2%2Ftags&post=6895"}],"curies":[{"name":"wp","href":"https:\/\/api.w.org\/{rel}","templated":true}]}}