{"id":6860,"date":"2023-05-24T14:34:00","date_gmt":"2023-05-24T17:34:00","guid":{"rendered":"https:\/\/prefeitura.santarosa.rs.gov.br\/?p=6860"},"modified":"2024-10-07T09:53:32","modified_gmt":"2024-10-07T12:53:32","slug":"alunos-de-santa-rosa-sao-premiados-na-17a-obmep","status":"publish","type":"post","link":"https:\/\/prefeitura.santarosa.rs.gov.br\/?p=6860","title":{"rendered":"Alunos de Santa Rosa s\u00e3o premiados na 17\u00aa OBMEP"},"content":{"rendered":"\n<p><\/p>\n\n\n\n<figure class=\"wp-block-image size-full\"><img fetchpriority=\"high\" decoding=\"async\" width=\"860\" height=\"645\" src=\"https:\/\/prefeitura.santarosa.rs.gov.br\/wp-content\/uploads\/2023\/05\/Formato-Site-e-Portal-860X645-JPG-2023-05-24T141825.192.jpg\" alt=\"\" class=\"wp-image-6861\" srcset=\"https:\/\/prefeitura.santarosa.rs.gov.br\/wp-content\/uploads\/2023\/05\/Formato-Site-e-Portal-860X645-JPG-2023-05-24T141825.192.jpg 860w, https:\/\/prefeitura.santarosa.rs.gov.br\/wp-content\/uploads\/2023\/05\/Formato-Site-e-Portal-860X645-JPG-2023-05-24T141825.192-300x225.jpg 300w, https:\/\/prefeitura.santarosa.rs.gov.br\/wp-content\/uploads\/2023\/05\/Formato-Site-e-Portal-860X645-JPG-2023-05-24T141825.192-768x576.jpg 768w\" sizes=\"(max-width: 860px) 100vw, 860px\" \/><\/figure>\n\n\n\n<p>Na manh\u00e3 desta&nbsp;quarta-feira (24), o Prefeito Anderson Mantei recebeu no gabinete, a visita de alunos do munic\u00edpio que foram premiados na 17\u00aa OBMEP &#8211; Olimp\u00edada Brasileira de Matem\u00e1tica das Escolas P\u00fablicas. O encontro teve a participa\u00e7\u00e3o da Secret\u00e1ria de Educa\u00e7\u00e3o e Cultura, Lires Zimmermann, de professores de matem\u00e1tica das institui\u00e7\u00f5es de ensino que os estudantes fazem parte e de familiares. Tr\u00eas santa-rosenses receberam medalhas de bronze na competi\u00e7\u00e3o nacional, que tem como objetivo estimular o estudo da matem\u00e1tica e identificar talentos na \u00e1rea da educa\u00e7\u00e3o b\u00e1sica.<\/p>\n\n\n\n<p>Na oportunidade, os alunos tamb\u00e9m receberam do prefeito, um certificado em homenagem pelos t\u00edtulos alcan\u00e7ados. \u201cFicamos muito orgulhosos de receber estes alunos destaque do munic\u00edpio. Estudantes que t\u00eam se dedicado para alcan\u00e7ar um bom desempenho escolar. Este \u00e9 o melhor caminho a seguir e \u00e9 o conselho que deixo pra eles, estudem, se esforcem, que assim, os sonhos se tornam poss\u00edveis. Nossa gratid\u00e3o tamb\u00e9m aos professores pela dedica\u00e7\u00e3o em preparar os estudantes para esse desafio que \u00e9 a OBMEP\u201d, destacou Anderson.<\/p>\n\n\n\n<p>Na \u00faltima semana, aconteceu a cerim\u00f4nia de premia\u00e7\u00e3o e entrega das medalhas em Santa Maria. A Secret\u00e1ria de Educa\u00e7\u00e3o e Cultura, Lires Zimmermann, parabenizou os jovens e professores pelo reconhecimento na ol\u00edmpiada, \u201cQueremos parabenizar aos alunos por esta conquista, mas tamb\u00e9m as escolas e os professores que contribu\u00edram nesta jornada. Essa premia\u00e7\u00e3o \u00e9 muito importante, pois serve de motiva\u00e7\u00e3o aos estudantes para melhorarem cada vez mais, o desempenho escolar\u201d.<\/p>\n\n\n\n<p>Confira abaixo, os alunos premiados:<\/p>\n\n\n\n<p>&#8211; Rafael Gehlen Pich &#8211; Escola Municipal Paul Harris<\/p>\n\n\n\n<p>&#8211; Bruno Casagrande &#8211; Escola Estadual Timba\u00fava<\/p>\n\n\n\n<p>&#8211; Felipe Martinelli Dorfschmidt &#8211; Escola Estadual Alfredo Nedel<\/p>\n","protected":false},"excerpt":{"rendered":"<p>Na manh\u00e3 desta&nbsp;quarta-feira (24), o Prefeito Anderson Mantei recebeu no gabinete, a visita de alunos do munic\u00edpio que foram premiados<\/p>\n","protected":false},"author":5,"featured_media":6861,"comment_status":"open","ping_status":"open","sticky":false,"template":"","format":"standard","meta":{"footnotes":""},"categories":[4,18],"tags":[],"class_list":["post-6860","post","type-post","status-publish","format-standard","has-post-thumbnail","hentry","category-noticias","category-secretaria-municipal-de-educacao-e-cultura"],"aioseo_notices":[],"_links":{"self":[{"href":"https:\/\/prefeitura.santarosa.rs.gov.br\/index.php?rest_route=\/wp\/v2\/posts\/6860","targetHints":{"allow":["GET"]}}],"collection":[{"href":"https:\/\/prefeitura.santarosa.rs.gov.br\/index.php?rest_route=\/wp\/v2\/posts"}],"about":[{"href":"https:\/\/prefeitura.santarosa.rs.gov.br\/index.php?rest_route=\/wp\/v2\/types\/post"}],"author":[{"embeddable":true,"href":"https:\/\/prefeitura.santarosa.rs.gov.br\/index.php?rest_route=\/wp\/v2\/users\/5"}],"replies":[{"embeddable":true,"href":"https:\/\/prefeitura.santarosa.rs.gov.br\/index.php?rest_route=%2Fwp%2Fv2%2Fcomments&post=6860"}],"version-history":[{"count":1,"href":"https:\/\/prefeitura.santarosa.rs.gov.br\/index.php?rest_route=\/wp\/v2\/posts\/6860\/revisions"}],"predecessor-version":[{"id":6862,"href":"https:\/\/prefeitura.santarosa.rs.gov.br\/index.php?rest_route=\/wp\/v2\/posts\/6860\/revisions\/6862"}],"wp:featuredmedia":[{"embeddable":true,"href":"https:\/\/prefeitura.santarosa.rs.gov.br\/index.php?rest_route=\/wp\/v2\/media\/6861"}],"wp:attachment":[{"href":"https:\/\/prefeitura.santarosa.rs.gov.br\/index.php?rest_route=%2Fwp%2Fv2%2Fmedia&parent=6860"}],"wp:term":[{"taxonomy":"category","embeddable":true,"href":"https:\/\/prefeitura.santarosa.rs.gov.br\/index.php?rest_route=%2Fwp%2Fv2%2Fcategories&post=6860"},{"taxonomy":"post_tag","embeddable":true,"href":"https:\/\/prefeitura.santarosa.rs.gov.br\/index.php?rest_route=%2Fwp%2Fv2%2Ftags&post=6860"}],"curies":[{"name":"wp","href":"https:\/\/api.w.org\/{rel}","templated":true}]}}