{"id":6818,"date":"2023-05-19T15:04:23","date_gmt":"2023-05-19T18:04:23","guid":{"rendered":"https:\/\/prefeitura.santarosa.rs.gov.br\/?p=6818"},"modified":"2024-10-07T09:53:32","modified_gmt":"2024-10-07T12:53:32","slug":"prefeitura-e-senar-realizam-curso-gratuito-de-artesanato-em-palha-de-milho","status":"publish","type":"post","link":"https:\/\/prefeitura.santarosa.rs.gov.br\/?p=6818","title":{"rendered":"Prefeitura e Senar realizam curso gratuito de artesanato em palha de milho"},"content":{"rendered":"\n<figure class=\"wp-block-image size-full\"><img fetchpriority=\"high\" decoding=\"async\" width=\"860\" height=\"645\" src=\"https:\/\/prefeitura.santarosa.rs.gov.br\/wp-content\/uploads\/2023\/05\/Formato-Site-e-Portal-860X645-JPG-2023-05-19T150105.807.jpg\" alt=\"\" class=\"wp-image-6819\" srcset=\"https:\/\/prefeitura.santarosa.rs.gov.br\/wp-content\/uploads\/2023\/05\/Formato-Site-e-Portal-860X645-JPG-2023-05-19T150105.807.jpg 860w, https:\/\/prefeitura.santarosa.rs.gov.br\/wp-content\/uploads\/2023\/05\/Formato-Site-e-Portal-860X645-JPG-2023-05-19T150105.807-300x225.jpg 300w, https:\/\/prefeitura.santarosa.rs.gov.br\/wp-content\/uploads\/2023\/05\/Formato-Site-e-Portal-860X645-JPG-2023-05-19T150105.807-768x576.jpg 768w\" sizes=\"(max-width: 860px) 100vw, 860px\" \/><\/figure>\n\n\n\n<p>A Prefeitura de Santa Rosa segue desenvolvendo a\u00e7\u00f5es que promovam a capacita\u00e7\u00e3o e o potencial empreendedor das fam\u00edlias do munic\u00edpio. Com este objetivo, o Executivo Municipal em parceria com o Senar RS, realizou um curso gratuito de artesanato em palha de milho. A a\u00e7\u00e3o foi organizada pela Secretaria de Agricultura e pela FUMSSAR, com o apoio da Cooperativa Cresol e do Sindicato Rural de Santa Rosa. A atividade aconteceu na Unidade B\u00e1sica de Sa\u00fade Esperan\u00e7a e contou com a participa\u00e7\u00e3o de 12 mulheres. No encerramento do curso, que ocorreu na manh\u00e3 desta sexta-feira (19), as participantes puderam apresentar os trabalhos realizados durante a semana.<\/p>\n\n\n\n<p>O curso foi ministrado pela Instrutora do Senar RS, S\u00edlvia Furquim. Na oportunidade, a professora ensinou as alunas a transformar a palha de milho em lindos artigos de decora\u00e7\u00e3o e de utilidades dom\u00e9sticas, como descansos de panela, guirlandas para porta, bolsas, quadros, pres\u00e9pios, entre outros. O T\u00e9cnico Agr\u00edcola, Gustavo Traczynski Cervi, destacou os benef\u00edcios da atividade, \u201cAl\u00e9m de ensinar as participantes a criarem artesanatos atrav\u00e9s de materiais dispon\u00edveis na propriedade, como \u00e9 o caso da palha que seria descartada, o aprendizado tamb\u00e9m pode significar uma nova fonte de renda para as fam\u00edlias\u201d.<\/p>\n\n\n\n<p>Um diferencial foi a parceria com a FUMSSAR. \u00a0As Agentes Comunit\u00e1rias de Sa\u00fade \u2013 ACS, fizeram o curso junto com algumas agricultoras para depois repassar este conhecimento nos Grupos Terap\u00eauticos que acontecem nas Unidades B\u00e1sicas. A ACS Celsi Bueno, ressaltou que atividades como esta, que envolvem arte e trabalhos manuais, auxiliam muito na recupera\u00e7\u00e3o e no tratamento de pacientes da UBS, \u201cFicamos muito contentes em participar do curso de artesanato em palha de milho, pois agora podemos aplicar este conhecimento nas nossas oficinas terap\u00eauticas. Al\u00e9m de aprender um novo of\u00edcio, o grupo funciona tamb\u00e9m como um espa\u00e7o para compartilhar experi\u00eancias, um lugar de acolhimento e escuta. Atrav\u00e9s dos nossos encontros, conseguimos observar diversos resultados positivos, como a melhora da autoestima, supera\u00e7\u00e3o da depress\u00e3o e da ansiedade\u201d. As participantes que conclu\u00edram o curso com carga hor\u00e1ria de 32 horas, receberam tamb\u00e9m, uma certifica\u00e7\u00e3o pelo Senar RS.<\/p>\n\n\n\n<figure class=\"wp-block-gallery columns-3 is-cropped wp-block-gallery-1 is-layout-flex wp-block-gallery-is-layout-flex\"><ul class=\"blocks-gallery-grid\"><li class=\"blocks-gallery-item\"><figure><img decoding=\"async\" width=\"1024\" height=\"768\" src=\"https:\/\/prefeitura.santarosa.rs.gov.br\/wp-content\/uploads\/2023\/05\/WhatsApp-Image-2023-05-19-at-12.01.41-1024x768.jpeg\" alt=\"\" data-id=\"6820\" data-full-url=\"https:\/\/prefeitura.santarosa.rs.gov.br\/wp-content\/uploads\/2023\/05\/WhatsApp-Image-2023-05-19-at-12.01.41.jpeg\" data-link=\"https:\/\/prefeitura.santarosa.rs.gov.br\/?attachment_id=6820\" class=\"wp-image-6820\" srcset=\"https:\/\/prefeitura.santarosa.rs.gov.br\/wp-content\/uploads\/2023\/05\/WhatsApp-Image-2023-05-19-at-12.01.41-1024x768.jpeg 1024w, https:\/\/prefeitura.santarosa.rs.gov.br\/wp-content\/uploads\/2023\/05\/WhatsApp-Image-2023-05-19-at-12.01.41-300x225.jpeg 300w, https:\/\/prefeitura.santarosa.rs.gov.br\/wp-content\/uploads\/2023\/05\/WhatsApp-Image-2023-05-19-at-12.01.41-768x576.jpeg 768w, https:\/\/prefeitura.santarosa.rs.gov.br\/wp-content\/uploads\/2023\/05\/WhatsApp-Image-2023-05-19-at-12.01.41-1536x1152.jpeg 1536w, https:\/\/prefeitura.santarosa.rs.gov.br\/wp-content\/uploads\/2023\/05\/WhatsApp-Image-2023-05-19-at-12.01.41.jpeg 1600w\" sizes=\"(max-width: 1024px) 100vw, 1024px\" \/><\/figure><\/li><li class=\"blocks-gallery-item\"><figure><img decoding=\"async\" width=\"1024\" height=\"768\" src=\"https:\/\/prefeitura.santarosa.rs.gov.br\/wp-content\/uploads\/2023\/05\/WhatsApp-Image-2023-05-17-at-10.34.21-1024x768.jpeg\" alt=\"\" data-id=\"6821\" data-full-url=\"https:\/\/prefeitura.santarosa.rs.gov.br\/wp-content\/uploads\/2023\/05\/WhatsApp-Image-2023-05-17-at-10.34.21.jpeg\" data-link=\"https:\/\/prefeitura.santarosa.rs.gov.br\/?attachment_id=6821\" class=\"wp-image-6821\" srcset=\"https:\/\/prefeitura.santarosa.rs.gov.br\/wp-content\/uploads\/2023\/05\/WhatsApp-Image-2023-05-17-at-10.34.21-1024x768.jpeg 1024w, https:\/\/prefeitura.santarosa.rs.gov.br\/wp-content\/uploads\/2023\/05\/WhatsApp-Image-2023-05-17-at-10.34.21-300x225.jpeg 300w, https:\/\/prefeitura.santarosa.rs.gov.br\/wp-content\/uploads\/2023\/05\/WhatsApp-Image-2023-05-17-at-10.34.21-768x576.jpeg 768w, https:\/\/prefeitura.santarosa.rs.gov.br\/wp-content\/uploads\/2023\/05\/WhatsApp-Image-2023-05-17-at-10.34.21.jpeg 1280w\" sizes=\"(max-width: 1024px) 100vw, 1024px\" \/><\/figure><\/li><li class=\"blocks-gallery-item\"><figure><img loading=\"lazy\" decoding=\"async\" width=\"1024\" height=\"768\" src=\"https:\/\/prefeitura.santarosa.rs.gov.br\/wp-content\/uploads\/2023\/05\/WhatsApp-Image-2023-05-17-at-10.34.20-1024x768.jpeg\" alt=\"\" data-id=\"6822\" data-full-url=\"https:\/\/prefeitura.santarosa.rs.gov.br\/wp-content\/uploads\/2023\/05\/WhatsApp-Image-2023-05-17-at-10.34.20.jpeg\" data-link=\"https:\/\/prefeitura.santarosa.rs.gov.br\/?attachment_id=6822\" class=\"wp-image-6822\" srcset=\"https:\/\/prefeitura.santarosa.rs.gov.br\/wp-content\/uploads\/2023\/05\/WhatsApp-Image-2023-05-17-at-10.34.20-1024x768.jpeg 1024w, https:\/\/prefeitura.santarosa.rs.gov.br\/wp-content\/uploads\/2023\/05\/WhatsApp-Image-2023-05-17-at-10.34.20-300x225.jpeg 300w, https:\/\/prefeitura.santarosa.rs.gov.br\/wp-content\/uploads\/2023\/05\/WhatsApp-Image-2023-05-17-at-10.34.20-768x576.jpeg 768w, https:\/\/prefeitura.santarosa.rs.gov.br\/wp-content\/uploads\/2023\/05\/WhatsApp-Image-2023-05-17-at-10.34.20.jpeg 1280w\" sizes=\"(max-width: 1024px) 100vw, 1024px\" \/><\/figure><\/li><\/ul><\/figure>\n","protected":false},"excerpt":{"rendered":"<p>A Prefeitura de Santa Rosa segue desenvolvendo a\u00e7\u00f5es que promovam a capacita\u00e7\u00e3o e o potencial empreendedor das fam\u00edlias do munic\u00edpio.<\/p>\n","protected":false},"author":6,"featured_media":6823,"comment_status":"closed","ping_status":"closed","sticky":false,"template":"","format":"standard","meta":{"footnotes":""},"categories":[4,8,14],"tags":[],"class_list":["post-6818","post","type-post","status-publish","format-standard","has-post-thumbnail","hentry","category-noticias","category-noticias-fumssar","category-secretaria-municipal-de-agricultura"],"aioseo_notices":[],"_links":{"self":[{"href":"https:\/\/prefeitura.santarosa.rs.gov.br\/index.php?rest_route=\/wp\/v2\/posts\/6818","targetHints":{"allow":["GET"]}}],"collection":[{"href":"https:\/\/prefeitura.santarosa.rs.gov.br\/index.php?rest_route=\/wp\/v2\/posts"}],"about":[{"href":"https:\/\/prefeitura.santarosa.rs.gov.br\/index.php?rest_route=\/wp\/v2\/types\/post"}],"author":[{"embeddable":true,"href":"https:\/\/prefeitura.santarosa.rs.gov.br\/index.php?rest_route=\/wp\/v2\/users\/6"}],"replies":[{"embeddable":true,"href":"https:\/\/prefeitura.santarosa.rs.gov.br\/index.php?rest_route=%2Fwp%2Fv2%2Fcomments&post=6818"}],"version-history":[{"count":1,"href":"https:\/\/prefeitura.santarosa.rs.gov.br\/index.php?rest_route=\/wp\/v2\/posts\/6818\/revisions"}],"predecessor-version":[{"id":6824,"href":"https:\/\/prefeitura.santarosa.rs.gov.br\/index.php?rest_route=\/wp\/v2\/posts\/6818\/revisions\/6824"}],"wp:featuredmedia":[{"embeddable":true,"href":"https:\/\/prefeitura.santarosa.rs.gov.br\/index.php?rest_route=\/wp\/v2\/media\/6823"}],"wp:attachment":[{"href":"https:\/\/prefeitura.santarosa.rs.gov.br\/index.php?rest_route=%2Fwp%2Fv2%2Fmedia&parent=6818"}],"wp:term":[{"taxonomy":"category","embeddable":true,"href":"https:\/\/prefeitura.santarosa.rs.gov.br\/index.php?rest_route=%2Fwp%2Fv2%2Fcategories&post=6818"},{"taxonomy":"post_tag","embeddable":true,"href":"https:\/\/prefeitura.santarosa.rs.gov.br\/index.php?rest_route=%2Fwp%2Fv2%2Ftags&post=6818"}],"curies":[{"name":"wp","href":"https:\/\/api.w.org\/{rel}","templated":true}]}}