{"id":6814,"date":"2023-05-19T14:07:34","date_gmt":"2023-05-19T17:07:34","guid":{"rendered":"https:\/\/prefeitura.santarosa.rs.gov.br\/?p=6814"},"modified":"2024-10-07T09:53:32","modified_gmt":"2024-10-07T12:53:32","slug":"reforma-no-viveiro-municipal","status":"publish","type":"post","link":"https:\/\/prefeitura.santarosa.rs.gov.br\/?p=6814","title":{"rendered":"<strong>Reforma no Viveiro Municipal<\/strong><strong><\/strong>"},"content":{"rendered":"\n<figure class=\"wp-block-image size-full\"><img fetchpriority=\"high\" decoding=\"async\" width=\"860\" height=\"645\" src=\"https:\/\/prefeitura.santarosa.rs.gov.br\/wp-content\/uploads\/2023\/05\/Formato-Site-e-Portal-860X645-JPG-2023-05-19T140655.920.jpg\" alt=\"\" class=\"wp-image-6815\" srcset=\"https:\/\/prefeitura.santarosa.rs.gov.br\/wp-content\/uploads\/2023\/05\/Formato-Site-e-Portal-860X645-JPG-2023-05-19T140655.920.jpg 860w, https:\/\/prefeitura.santarosa.rs.gov.br\/wp-content\/uploads\/2023\/05\/Formato-Site-e-Portal-860X645-JPG-2023-05-19T140655.920-300x225.jpg 300w, https:\/\/prefeitura.santarosa.rs.gov.br\/wp-content\/uploads\/2023\/05\/Formato-Site-e-Portal-860X645-JPG-2023-05-19T140655.920-768x576.jpg 768w\" sizes=\"(max-width: 860px) 100vw, 860px\" \/><\/figure>\n\n\n\n<p>O Viveiro Municipal est\u00e1 de cara nova. A Secretaria de Meio Ambiente em parceria com a Secretaria de Obras, realizou a reestrutura\u00e7\u00e3o do espa\u00e7o. A principal mudan\u00e7a foi a troca das telas de sombreamento (sombrites), que t\u00eam como fun\u00e7\u00e3o prim\u00e1ria, a prote\u00e7\u00e3o das plantas contra o sol. Al\u00e9m disso, no ano passado, foram realizadas outras melhorias como a reforma das estruturas de suporte das caixas de \u00e1gua e sistema de irriga\u00e7\u00e3o, das \u00e1reas de canteiros de mudas e de uma estufa, que ser\u00e1 o ber\u00e7\u00e1rio da produ\u00e7\u00e3o de mudas de flores.<\/p>\n\n\n\n<p>As obras aconteceram na Casa de Sombra, local onde s\u00e3o mantidas as mudas produzidas. Atualmente, o espa\u00e7o conta com mais de 30 esp\u00e9cies de \u00e1rvores nativas e ex\u00f3ticas ornamentais, para a recupera\u00e7\u00e3o de \u00e1reas degradadas, reflorestamentos, plantios em p\u00e1tios, passeios p\u00fablicos e \u00e1reas rurais do munic\u00edpio. A Engenheira Florestal, Ana Paula Jung, Coordenadora do Viveiro Municipal, destacou a import\u00e2ncia das melhorias, \u201cAs reformas eram fundamentais para garantir a prote\u00e7\u00e3o e desenvolvimento das mudas no local com boa vitalidade\u201d. A Engenheira informou tamb\u00e9m que o pr\u00f3ximo passo \u00e9 trabalhar na revitaliza\u00e7\u00e3o do pr\u00e9dio, com o objetivo de proporcionar um ambiente melhor para os servidores, comunidade e para as escolas que visitam o Viveiro em atividades de educa\u00e7\u00e3o ambiental.<\/p>\n\n\n\n<p>As reformas foram realizadas pelos servidores que atuam no Viveiro, com o apoio de uma equipe da Secretaria de Obras, coordenada pelo Diretor Alexandre Barbosa e pelo Mestre de Obras Luscas Brixner. O Secret\u00e1rio de Meio Ambiente, Jo\u00e3o Carlos de Castro Dorneles, agradeceu o empenho de todos os servidores envolvidos e ressaltou que a manuten\u00e7\u00e3o na infraestrutura serve para qualificar ainda mais o servi\u00e7o, \u201cS\u00e3o pequenos ajustes e melhorias, mas que fazem toda a diferen\u00e7a no dia a dia, trazendo mais prote\u00e7\u00e3o para as plantas e qualificando o servi\u00e7o no Viveiro Municipal\u201d. O viveiro est\u00e1 localizado no Lajeado Ip\u00ea, \u00e0s margens da ERS 344.<\/p>\n","protected":false},"excerpt":{"rendered":"<p>O Viveiro Municipal est\u00e1 de cara nova. A Secretaria de Meio Ambiente em parceria com a Secretaria de Obras, realizou<\/p>\n","protected":false},"author":6,"featured_media":6816,"comment_status":"closed","ping_status":"closed","sticky":false,"template":"","format":"standard","meta":{"footnotes":""},"categories":[4,20],"tags":[],"class_list":["post-6814","post","type-post","status-publish","format-standard","has-post-thumbnail","hentry","category-noticias","category-secretaria-municipal-de-meio-ambiente"],"aioseo_notices":[],"_links":{"self":[{"href":"https:\/\/prefeitura.santarosa.rs.gov.br\/index.php?rest_route=\/wp\/v2\/posts\/6814","targetHints":{"allow":["GET"]}}],"collection":[{"href":"https:\/\/prefeitura.santarosa.rs.gov.br\/index.php?rest_route=\/wp\/v2\/posts"}],"about":[{"href":"https:\/\/prefeitura.santarosa.rs.gov.br\/index.php?rest_route=\/wp\/v2\/types\/post"}],"author":[{"embeddable":true,"href":"https:\/\/prefeitura.santarosa.rs.gov.br\/index.php?rest_route=\/wp\/v2\/users\/6"}],"replies":[{"embeddable":true,"href":"https:\/\/prefeitura.santarosa.rs.gov.br\/index.php?rest_route=%2Fwp%2Fv2%2Fcomments&post=6814"}],"version-history":[{"count":1,"href":"https:\/\/prefeitura.santarosa.rs.gov.br\/index.php?rest_route=\/wp\/v2\/posts\/6814\/revisions"}],"predecessor-version":[{"id":6817,"href":"https:\/\/prefeitura.santarosa.rs.gov.br\/index.php?rest_route=\/wp\/v2\/posts\/6814\/revisions\/6817"}],"wp:featuredmedia":[{"embeddable":true,"href":"https:\/\/prefeitura.santarosa.rs.gov.br\/index.php?rest_route=\/wp\/v2\/media\/6816"}],"wp:attachment":[{"href":"https:\/\/prefeitura.santarosa.rs.gov.br\/index.php?rest_route=%2Fwp%2Fv2%2Fmedia&parent=6814"}],"wp:term":[{"taxonomy":"category","embeddable":true,"href":"https:\/\/prefeitura.santarosa.rs.gov.br\/index.php?rest_route=%2Fwp%2Fv2%2Fcategories&post=6814"},{"taxonomy":"post_tag","embeddable":true,"href":"https:\/\/prefeitura.santarosa.rs.gov.br\/index.php?rest_route=%2Fwp%2Fv2%2Ftags&post=6814"}],"curies":[{"name":"wp","href":"https:\/\/api.w.org\/{rel}","templated":true}]}}