{"id":6797,"date":"2023-05-18T16:52:50","date_gmt":"2023-05-18T19:52:50","guid":{"rendered":"https:\/\/prefeitura.santarosa.rs.gov.br\/?p=6797"},"modified":"2024-10-07T09:53:32","modified_gmt":"2024-10-07T12:53:32","slug":"prefeitura-realiza-acoes-de-conscientizacao-no-maio-laranja","status":"publish","type":"post","link":"https:\/\/prefeitura.santarosa.rs.gov.br\/?p=6797","title":{"rendered":"<strong>Prefeitura realiza a\u00e7\u00f5es de conscientiza\u00e7\u00e3o no Maio Laranja<\/strong>"},"content":{"rendered":"\n<figure class=\"wp-block-image size-full\"><img fetchpriority=\"high\" decoding=\"async\" width=\"860\" height=\"645\" src=\"https:\/\/prefeitura.santarosa.rs.gov.br\/wp-content\/uploads\/2023\/05\/Formato-Site-e-Portal-860X645-JPG-2023-05-18T161930.863.jpg\" alt=\"\" class=\"wp-image-6798\" srcset=\"https:\/\/prefeitura.santarosa.rs.gov.br\/wp-content\/uploads\/2023\/05\/Formato-Site-e-Portal-860X645-JPG-2023-05-18T161930.863.jpg 860w, https:\/\/prefeitura.santarosa.rs.gov.br\/wp-content\/uploads\/2023\/05\/Formato-Site-e-Portal-860X645-JPG-2023-05-18T161930.863-300x225.jpg 300w, https:\/\/prefeitura.santarosa.rs.gov.br\/wp-content\/uploads\/2023\/05\/Formato-Site-e-Portal-860X645-JPG-2023-05-18T161930.863-768x576.jpg 768w\" sizes=\"(max-width: 860px) 100vw, 860px\" \/><\/figure>\n\n\n\n<p>A Prefeitura de Santa Rosa, atrav\u00e9s das Secretarias de Educa\u00e7\u00e3o e Cultura, Desenvolvimento Social e FUMSSAR, est\u00e1 promovendo diversas a\u00e7\u00f5es neste m\u00eas, denominado Maio Laranja, uma Campanha de Prote\u00e7\u00e3o \u00e0 Crian\u00e7a e ao Adolescente. Nesta quinta-feira (18), Dia Nacional de Enfrentamento \u00e0 Viol\u00eancia Infantojuvenil, a Rede Municipal de Ensino de Santa Rosa, composta por 20 EMEI\u2019s e 14 EMEF\u2019s, est\u00e1 promovendo atividades alusivas ao tema, com a participa\u00e7\u00e3o de alunos e profissionais das institui\u00e7\u00f5es de ensino.<\/p>\n\n\n\n<p>Na \u00faltima semana, a prefeitura em parceria com a 17\u00aa Coordenadoria Regional de Educa\u00e7\u00e3o \u2013 CRE e junto com o Centro de Refer\u00eancia Especializado em Assist\u00eancia Social &#8211; CREAS, realizou uma capacita\u00e7\u00e3o sobre o enfrentamento \u00e0 viol\u00eancia contra crian\u00e7as e adolescentes. O encontro aconteceu no N\u00facleo de Ensino e Pesquisa \u2013 NEP e reuniu os profissionais da rede de sa\u00fade e educa\u00e7\u00e3o (escolas p\u00fablicas e privadas). A palestra foi dividida em dois momentos, num primeiro, com a psic\u00f3loga Dienifer Campagnolo Leihmann, que abordou os aspectos psicol\u00f3gicos enfrentados pela v\u00edtima, al\u00e9m dos comportamentos referentes ao agressor. J\u00e1 na segunda parte, houve a apresenta\u00e7\u00e3o da abordagem jur\u00eddica com o advogado Rafael Marodin. A atividade contou tamb\u00e9m, com o apoio do Programa Sa\u00fade na Escola \u2013 PSE e do Programa Cultura da Paz.<\/p>\n\n\n\n<p>A campanha \u201cMaio Laranja\u201d tem como s\u00edmbolo uma flor, como uma lembran\u00e7a dos desenhos da primeira inf\u00e2ncia, al\u00e9m de promover a associa\u00e7\u00e3o da necessidade de cuidado e prote\u00e7\u00e3o para um desenvolvimento saud\u00e1vel. A Secret\u00e1ria de Educa\u00e7\u00e3o e Cultura, Lires Zimmermann, destaca a import\u00e2ncia de refletir sobre o tema, \u201cDurante o m\u00eas de maio, vamos intensificar as a\u00e7\u00f5es de conscientiza\u00e7\u00e3o e prote\u00e7\u00e3o de nossas crian\u00e7as e adolescentes contra todas as formas de viol\u00eancia. Para isso, mobilizamos nossas escolas e chamamos a comunidade para assumir, conosco, o protagonismo na importante luta em prol do direito de viver plenamente a inf\u00e2ncia e a adolesc\u00eancia\u201d.<\/p>\n\n\n\n<p>&nbsp;A Secret\u00e1ria de Desenvolvimento Social, Rita Strasser, tamb\u00e9m ressaltou a responsabilidade da fam\u00edlia neste cuidado integral dos menores, \u201cEssa responsabilidade \u00e9 nossa. Precisamos ouvir nossas crian\u00e7as, estarmos atentos e prestarmos aten\u00e7\u00e3o aos sinais&#8221;. O Maio Laranja tem como slogan, a frase: \u201cFa\u00e7a Bonito &#8211; Proteja nossas crian\u00e7as e adolescentes\u201d, o principal objetivo \u00e9 chamar a aten\u00e7\u00e3o da sociedade para assumir a responsabilidade de prevenir e enfrentar a viol\u00eancia praticada contra crian\u00e7as e adolescentes no Brasil.<\/p>\n\n\n\n<figure class=\"wp-block-gallery columns-3 is-cropped wp-block-gallery-1 is-layout-flex wp-block-gallery-is-layout-flex\"><ul class=\"blocks-gallery-grid\"><li class=\"blocks-gallery-item\"><figure><img decoding=\"async\" width=\"860\" height=\"645\" src=\"https:\/\/prefeitura.santarosa.rs.gov.br\/wp-content\/uploads\/2023\/05\/maio-01.jpg\" alt=\"\" data-id=\"6800\" data-link=\"https:\/\/prefeitura.santarosa.rs.gov.br\/?attachment_id=6800\" class=\"wp-image-6800\" srcset=\"https:\/\/prefeitura.santarosa.rs.gov.br\/wp-content\/uploads\/2023\/05\/maio-01.jpg 860w, https:\/\/prefeitura.santarosa.rs.gov.br\/wp-content\/uploads\/2023\/05\/maio-01-300x225.jpg 300w, https:\/\/prefeitura.santarosa.rs.gov.br\/wp-content\/uploads\/2023\/05\/maio-01-768x576.jpg 768w\" sizes=\"(max-width: 860px) 100vw, 860px\" \/><\/figure><\/li><li class=\"blocks-gallery-item\"><figure><img decoding=\"async\" width=\"1024\" height=\"577\" src=\"https:\/\/prefeitura.santarosa.rs.gov.br\/wp-content\/uploads\/2023\/05\/WhatsApp-Image-2023-05-18-at-16.13.27-1-1024x577.jpeg\" alt=\"\" data-id=\"6801\" data-link=\"https:\/\/prefeitura.santarosa.rs.gov.br\/?attachment_id=6801\" class=\"wp-image-6801\" srcset=\"https:\/\/prefeitura.santarosa.rs.gov.br\/wp-content\/uploads\/2023\/05\/WhatsApp-Image-2023-05-18-at-16.13.27-1-1024x577.jpeg 1024w, https:\/\/prefeitura.santarosa.rs.gov.br\/wp-content\/uploads\/2023\/05\/WhatsApp-Image-2023-05-18-at-16.13.27-1-300x169.jpeg 300w, https:\/\/prefeitura.santarosa.rs.gov.br\/wp-content\/uploads\/2023\/05\/WhatsApp-Image-2023-05-18-at-16.13.27-1-768x433.jpeg 768w, https:\/\/prefeitura.santarosa.rs.gov.br\/wp-content\/uploads\/2023\/05\/WhatsApp-Image-2023-05-18-at-16.13.27-1.jpeg 1080w\" sizes=\"(max-width: 1024px) 100vw, 1024px\" \/><\/figure><\/li><li class=\"blocks-gallery-item\"><figure><img loading=\"lazy\" decoding=\"async\" width=\"1024\" height=\"577\" src=\"https:\/\/prefeitura.santarosa.rs.gov.br\/wp-content\/uploads\/2023\/05\/WhatsApp-Image-2023-05-18-at-16.13.27-1024x577.jpeg\" alt=\"\" data-id=\"6802\" data-link=\"https:\/\/prefeitura.santarosa.rs.gov.br\/?attachment_id=6802\" class=\"wp-image-6802\" srcset=\"https:\/\/prefeitura.santarosa.rs.gov.br\/wp-content\/uploads\/2023\/05\/WhatsApp-Image-2023-05-18-at-16.13.27-1024x577.jpeg 1024w, https:\/\/prefeitura.santarosa.rs.gov.br\/wp-content\/uploads\/2023\/05\/WhatsApp-Image-2023-05-18-at-16.13.27-300x169.jpeg 300w, https:\/\/prefeitura.santarosa.rs.gov.br\/wp-content\/uploads\/2023\/05\/WhatsApp-Image-2023-05-18-at-16.13.27-768x433.jpeg 768w, https:\/\/prefeitura.santarosa.rs.gov.br\/wp-content\/uploads\/2023\/05\/WhatsApp-Image-2023-05-18-at-16.13.27.jpeg 1080w\" sizes=\"(max-width: 1024px) 100vw, 1024px\" \/><\/figure><\/li><li class=\"blocks-gallery-item\"><figure><img loading=\"lazy\" decoding=\"async\" width=\"1024\" height=\"768\" src=\"https:\/\/prefeitura.santarosa.rs.gov.br\/wp-content\/uploads\/2023\/05\/WhatsApp-Image-2023-05-18-at-15.45.02-1024x768.jpeg\" alt=\"\" data-id=\"6803\" data-link=\"https:\/\/prefeitura.santarosa.rs.gov.br\/?attachment_id=6803\" class=\"wp-image-6803\" srcset=\"https:\/\/prefeitura.santarosa.rs.gov.br\/wp-content\/uploads\/2023\/05\/WhatsApp-Image-2023-05-18-at-15.45.02-1024x768.jpeg 1024w, https:\/\/prefeitura.santarosa.rs.gov.br\/wp-content\/uploads\/2023\/05\/WhatsApp-Image-2023-05-18-at-15.45.02-300x225.jpeg 300w, https:\/\/prefeitura.santarosa.rs.gov.br\/wp-content\/uploads\/2023\/05\/WhatsApp-Image-2023-05-18-at-15.45.02-768x576.jpeg 768w, https:\/\/prefeitura.santarosa.rs.gov.br\/wp-content\/uploads\/2023\/05\/WhatsApp-Image-2023-05-18-at-15.45.02-1536x1152.jpeg 1536w, https:\/\/prefeitura.santarosa.rs.gov.br\/wp-content\/uploads\/2023\/05\/WhatsApp-Image-2023-05-18-at-15.45.02.jpeg 1600w\" sizes=\"(max-width: 1024px) 100vw, 1024px\" \/><\/figure><\/li><li class=\"blocks-gallery-item\"><figure><img loading=\"lazy\" decoding=\"async\" width=\"1024\" height=\"768\" src=\"https:\/\/prefeitura.santarosa.rs.gov.br\/wp-content\/uploads\/2023\/05\/WhatsApp-Image-2023-05-18-at-15.41.46-1024x768.jpeg\" alt=\"\" data-id=\"6804\" data-link=\"https:\/\/prefeitura.santarosa.rs.gov.br\/?attachment_id=6804\" class=\"wp-image-6804\" srcset=\"https:\/\/prefeitura.santarosa.rs.gov.br\/wp-content\/uploads\/2023\/05\/WhatsApp-Image-2023-05-18-at-15.41.46-1024x768.jpeg 1024w, https:\/\/prefeitura.santarosa.rs.gov.br\/wp-content\/uploads\/2023\/05\/WhatsApp-Image-2023-05-18-at-15.41.46-300x225.jpeg 300w, https:\/\/prefeitura.santarosa.rs.gov.br\/wp-content\/uploads\/2023\/05\/WhatsApp-Image-2023-05-18-at-15.41.46-768x576.jpeg 768w, https:\/\/prefeitura.santarosa.rs.gov.br\/wp-content\/uploads\/2023\/05\/WhatsApp-Image-2023-05-18-at-15.41.46-1536x1152.jpeg 1536w, https:\/\/prefeitura.santarosa.rs.gov.br\/wp-content\/uploads\/2023\/05\/WhatsApp-Image-2023-05-18-at-15.41.46.jpeg 1600w\" sizes=\"(max-width: 1024px) 100vw, 1024px\" \/><\/figure><\/li><li class=\"blocks-gallery-item\"><figure><img loading=\"lazy\" decoding=\"async\" width=\"1024\" height=\"768\" src=\"https:\/\/prefeitura.santarosa.rs.gov.br\/wp-content\/uploads\/2023\/05\/WhatsApp-Image-2023-05-18-at-15.49.53-1024x768.jpeg\" alt=\"\" data-id=\"6805\" data-link=\"https:\/\/prefeitura.santarosa.rs.gov.br\/?attachment_id=6805\" class=\"wp-image-6805\" srcset=\"https:\/\/prefeitura.santarosa.rs.gov.br\/wp-content\/uploads\/2023\/05\/WhatsApp-Image-2023-05-18-at-15.49.53-1024x768.jpeg 1024w, https:\/\/prefeitura.santarosa.rs.gov.br\/wp-content\/uploads\/2023\/05\/WhatsApp-Image-2023-05-18-at-15.49.53-300x225.jpeg 300w, https:\/\/prefeitura.santarosa.rs.gov.br\/wp-content\/uploads\/2023\/05\/WhatsApp-Image-2023-05-18-at-15.49.53-768x576.jpeg 768w, https:\/\/prefeitura.santarosa.rs.gov.br\/wp-content\/uploads\/2023\/05\/WhatsApp-Image-2023-05-18-at-15.49.53-1536x1152.jpeg 1536w, https:\/\/prefeitura.santarosa.rs.gov.br\/wp-content\/uploads\/2023\/05\/WhatsApp-Image-2023-05-18-at-15.49.53.jpeg 1600w\" sizes=\"(max-width: 1024px) 100vw, 1024px\" \/><\/figure><\/li><\/ul><\/figure>\n","protected":false},"excerpt":{"rendered":"<p>A Prefeitura de Santa Rosa, atrav\u00e9s das Secretarias de Educa\u00e7\u00e3o e Cultura, Desenvolvimento Social e FUMSSAR, est\u00e1 promovendo diversas a\u00e7\u00f5es<\/p>\n","protected":false},"author":6,"featured_media":6808,"comment_status":"closed","ping_status":"closed","sticky":false,"template":"","format":"standard","meta":{"footnotes":""},"categories":[4,8,17,18],"tags":[],"class_list":["post-6797","post","type-post","status-publish","format-standard","has-post-thumbnail","hentry","category-noticias","category-noticias-fumssar","category-secretaria-municipal-de-desenvolvimento-social","category-secretaria-municipal-de-educacao-e-cultura"],"aioseo_notices":[],"_links":{"self":[{"href":"https:\/\/prefeitura.santarosa.rs.gov.br\/index.php?rest_route=\/wp\/v2\/posts\/6797","targetHints":{"allow":["GET"]}}],"collection":[{"href":"https:\/\/prefeitura.santarosa.rs.gov.br\/index.php?rest_route=\/wp\/v2\/posts"}],"about":[{"href":"https:\/\/prefeitura.santarosa.rs.gov.br\/index.php?rest_route=\/wp\/v2\/types\/post"}],"author":[{"embeddable":true,"href":"https:\/\/prefeitura.santarosa.rs.gov.br\/index.php?rest_route=\/wp\/v2\/users\/6"}],"replies":[{"embeddable":true,"href":"https:\/\/prefeitura.santarosa.rs.gov.br\/index.php?rest_route=%2Fwp%2Fv2%2Fcomments&post=6797"}],"version-history":[{"count":2,"href":"https:\/\/prefeitura.santarosa.rs.gov.br\/index.php?rest_route=\/wp\/v2\/posts\/6797\/revisions"}],"predecessor-version":[{"id":6826,"href":"https:\/\/prefeitura.santarosa.rs.gov.br\/index.php?rest_route=\/wp\/v2\/posts\/6797\/revisions\/6826"}],"wp:featuredmedia":[{"embeddable":true,"href":"https:\/\/prefeitura.santarosa.rs.gov.br\/index.php?rest_route=\/wp\/v2\/media\/6808"}],"wp:attachment":[{"href":"https:\/\/prefeitura.santarosa.rs.gov.br\/index.php?rest_route=%2Fwp%2Fv2%2Fmedia&parent=6797"}],"wp:term":[{"taxonomy":"category","embeddable":true,"href":"https:\/\/prefeitura.santarosa.rs.gov.br\/index.php?rest_route=%2Fwp%2Fv2%2Fcategories&post=6797"},{"taxonomy":"post_tag","embeddable":true,"href":"https:\/\/prefeitura.santarosa.rs.gov.br\/index.php?rest_route=%2Fwp%2Fv2%2Ftags&post=6797"}],"curies":[{"name":"wp","href":"https:\/\/api.w.org\/{rel}","templated":true}]}}