{"id":6793,"date":"2023-05-18T16:29:36","date_gmt":"2023-05-18T19:29:36","guid":{"rendered":"https:\/\/prefeitura.santarosa.rs.gov.br\/?p=6793"},"modified":"2024-10-07T09:53:32","modified_gmt":"2024-10-07T12:53:32","slug":"integrantes-da-comissao-de-cultura-de-santa-rosa-sao-recebidos-no-gabinete","status":"publish","type":"post","link":"https:\/\/prefeitura.santarosa.rs.gov.br\/?p=6793","title":{"rendered":"<strong>Integrantes da Comiss\u00e3o de Cultura de Santa Rosa s\u00e3o recebidos no Gabinete<\/strong>"},"content":{"rendered":"\n<figure class=\"wp-block-image size-full\"><img fetchpriority=\"high\" decoding=\"async\" width=\"860\" height=\"645\" src=\"https:\/\/prefeitura.santarosa.rs.gov.br\/wp-content\/uploads\/2023\/05\/Formato-Site-e-Portal-860X645-JPG-2023-05-18T162224.457.jpg\" alt=\"\" class=\"wp-image-6794\" srcset=\"https:\/\/prefeitura.santarosa.rs.gov.br\/wp-content\/uploads\/2023\/05\/Formato-Site-e-Portal-860X645-JPG-2023-05-18T162224.457.jpg 860w, https:\/\/prefeitura.santarosa.rs.gov.br\/wp-content\/uploads\/2023\/05\/Formato-Site-e-Portal-860X645-JPG-2023-05-18T162224.457-300x225.jpg 300w, https:\/\/prefeitura.santarosa.rs.gov.br\/wp-content\/uploads\/2023\/05\/Formato-Site-e-Portal-860X645-JPG-2023-05-18T162224.457-768x576.jpg 768w\" sizes=\"(max-width: 860px) 100vw, 860px\" \/><\/figure>\n\n\n\n<p>O Prefeito Anderson Mantei recebeu esta semana no gabinete, integrantes da Comiss\u00e3o Municipal de Incentivo \u00e0 Cultura \u2013 CMIC de Santa Rosa. A comiss\u00e3o faz parte do Conselho Municipal de Pol\u00edtica Cultural \u2013 CMPC. Na oportunidade, foi apresentada a nova diretoria eleita no dia 02\/05\/2023. V\u00e1rios assuntos foram tratados, entre eles, a retomada de eventos, como a exposi\u00e7\u00e3o dos \u201cArtistas da Terra\u201d, festival de dan\u00e7a, teatro, entre outros. O di\u00e1logo aconteceu com a participa\u00e7\u00e3o da Secret\u00e1ria de Educa\u00e7\u00e3o e Cultura, Lires Zimmermann.<strong><\/strong><\/p>\n\n\n\n<p>Durante a reuni\u00e3o, a comiss\u00e3o tamb\u00e9m manifestou a inten\u00e7\u00e3o de que a Feira do Livro seja realizada nas dimens\u00f5es das edi\u00e7\u00f5es anteriores, como um dos maiores eventos culturais de Santa Rosa. O objetivo \u00e9 que o evento n\u00e3o seja apenas de comercializa\u00e7\u00e3o de livros, mas de palestras, debates, di\u00e1logos e intera\u00e7\u00f5es culturais: dan\u00e7a, teatro, m\u00fasica e que envolva a participa\u00e7\u00e3o de toda a comunidade. O Prefeito Anderson Mantei, agradeceu a visita e ressaltou o apoio do Governo Municipal no que for necess\u00e1rio, \u201c\u00c9 essencial debatermos sobre estes pontos para que em conjunto, possamos realizar a\u00e7\u00f5es que promovam a cultura na nossa cidade. Al\u00e9m disso, em parceria com a Secretaria de Educa\u00e7\u00e3o e Cultura, organizar eventos e atividades diferenciadas para a popula\u00e7\u00e3o\u201d.<\/p>\n\n\n\n<p>O prefeito tamb\u00e9m salientou a import\u00e2ncia desta a\u00e7\u00e3o de voluntariado do Conselho de Cultura, e da comunidade, para que junto com a Gest\u00e3o, os objetivos sejam alcan\u00e7ados. A CMIC \u00e9 respons\u00e1vel pelo plano de aplica\u00e7\u00e3o e an\u00e1lise dos projetos culturais que ser\u00e3o apresentados para o edital do Fundo Municipal de Cultura &#8211; FMC.<\/p>\n","protected":false},"excerpt":{"rendered":"<p>O Prefeito Anderson Mantei recebeu esta semana no gabinete, integrantes da Comiss\u00e3o Municipal de Incentivo \u00e0 Cultura \u2013 CMIC de<\/p>\n","protected":false},"author":6,"featured_media":6795,"comment_status":"closed","ping_status":"closed","sticky":false,"template":"","format":"standard","meta":{"footnotes":""},"categories":[4,18],"tags":[],"class_list":["post-6793","post","type-post","status-publish","format-standard","has-post-thumbnail","hentry","category-noticias","category-secretaria-municipal-de-educacao-e-cultura"],"aioseo_notices":[],"_links":{"self":[{"href":"https:\/\/prefeitura.santarosa.rs.gov.br\/index.php?rest_route=\/wp\/v2\/posts\/6793","targetHints":{"allow":["GET"]}}],"collection":[{"href":"https:\/\/prefeitura.santarosa.rs.gov.br\/index.php?rest_route=\/wp\/v2\/posts"}],"about":[{"href":"https:\/\/prefeitura.santarosa.rs.gov.br\/index.php?rest_route=\/wp\/v2\/types\/post"}],"author":[{"embeddable":true,"href":"https:\/\/prefeitura.santarosa.rs.gov.br\/index.php?rest_route=\/wp\/v2\/users\/6"}],"replies":[{"embeddable":true,"href":"https:\/\/prefeitura.santarosa.rs.gov.br\/index.php?rest_route=%2Fwp%2Fv2%2Fcomments&post=6793"}],"version-history":[{"count":1,"href":"https:\/\/prefeitura.santarosa.rs.gov.br\/index.php?rest_route=\/wp\/v2\/posts\/6793\/revisions"}],"predecessor-version":[{"id":6796,"href":"https:\/\/prefeitura.santarosa.rs.gov.br\/index.php?rest_route=\/wp\/v2\/posts\/6793\/revisions\/6796"}],"wp:featuredmedia":[{"embeddable":true,"href":"https:\/\/prefeitura.santarosa.rs.gov.br\/index.php?rest_route=\/wp\/v2\/media\/6795"}],"wp:attachment":[{"href":"https:\/\/prefeitura.santarosa.rs.gov.br\/index.php?rest_route=%2Fwp%2Fv2%2Fmedia&parent=6793"}],"wp:term":[{"taxonomy":"category","embeddable":true,"href":"https:\/\/prefeitura.santarosa.rs.gov.br\/index.php?rest_route=%2Fwp%2Fv2%2Fcategories&post=6793"},{"taxonomy":"post_tag","embeddable":true,"href":"https:\/\/prefeitura.santarosa.rs.gov.br\/index.php?rest_route=%2Fwp%2Fv2%2Ftags&post=6793"}],"curies":[{"name":"wp","href":"https:\/\/api.w.org\/{rel}","templated":true}]}}