{"id":675,"date":"2021-11-24T09:56:00","date_gmt":"2021-11-24T12:56:00","guid":{"rendered":"https:\/\/prefeitura.santarosa.rs.gov.br\/?p=675"},"modified":"2024-10-07T09:54:42","modified_gmt":"2024-10-07T12:54:42","slug":"dia-do-musico-e-celebrado","status":"publish","type":"post","link":"https:\/\/prefeitura.santarosa.rs.gov.br\/?p=675","title":{"rendered":"Dia do M\u00fasico \u00e9 celebrado"},"content":{"rendered":"\n<p>O objetivo da comemora\u00e7\u00e3o do Dia do M\u00fasico \u00e9 valorizar essa profiss\u00e3o t\u00e3o importante que faz arte atrav\u00e9s da m\u00fasica.<\/p>\n\n\n\n<p>Nesta segunda-feira(22), a Prefeitura, atrav\u00e9s da Secretaria de Educa\u00e7\u00e3o e Cultura, realizou uma homenagem ao Dia do M\u00fasico. O ato foi no Centro C\u00edvico e Cultural Ant\u00f4nio Carlos Borges e contou com a presen\u00e7a de autoridades e da comunidade.<br><br>Durante o evento, foi realizada uma apresenta\u00e7\u00f5es da Banda Municipal que fez uma homenagem para todos os m\u00fasicos. O objetivo da comemora\u00e7\u00e3o do Dia do M\u00fasico \u00e9 valorizar essa profiss\u00e3o t\u00e3o importante que faz arte atrav\u00e9s da m\u00fasica. Prestigiar o trabalho de cada m\u00fasico pelo talento, criatividade e sensibilidade por meio das melodias. Durante o evento, tamb\u00e9m foi realizada a entrega de certificados aos integrantes da Banda Municipal e uma palestra sobre longevidade com a Secret\u00e1ria de Desenvolvimento Social Rita Strasser e a presidente do conselho do idoso Roseli Bess. Al\u00e9m disso, as pessoas assistiram um v\u00eddeo com depoimentos de alguns integrantes da banda. A noite encerrou com uma animada apresenta\u00e7\u00e3o da Banda Municipal.<\/p>\n","protected":false},"excerpt":{"rendered":"<p>O objetivo da comemora\u00e7\u00e3o do Dia do M\u00fasico \u00e9 valorizar essa profiss\u00e3o t\u00e3o importante que faz arte atrav\u00e9s da m\u00fasica.<\/p>\n","protected":false},"author":3,"featured_media":676,"comment_status":"open","ping_status":"open","sticky":false,"template":"","format":"standard","meta":{"footnotes":""},"categories":[4,18],"tags":[],"class_list":["post-675","post","type-post","status-publish","format-standard","has-post-thumbnail","hentry","category-noticias","category-secretaria-municipal-de-educacao-e-cultura"],"aioseo_notices":[],"_links":{"self":[{"href":"https:\/\/prefeitura.santarosa.rs.gov.br\/index.php?rest_route=\/wp\/v2\/posts\/675","targetHints":{"allow":["GET"]}}],"collection":[{"href":"https:\/\/prefeitura.santarosa.rs.gov.br\/index.php?rest_route=\/wp\/v2\/posts"}],"about":[{"href":"https:\/\/prefeitura.santarosa.rs.gov.br\/index.php?rest_route=\/wp\/v2\/types\/post"}],"author":[{"embeddable":true,"href":"https:\/\/prefeitura.santarosa.rs.gov.br\/index.php?rest_route=\/wp\/v2\/users\/3"}],"replies":[{"embeddable":true,"href":"https:\/\/prefeitura.santarosa.rs.gov.br\/index.php?rest_route=%2Fwp%2Fv2%2Fcomments&post=675"}],"version-history":[{"count":1,"href":"https:\/\/prefeitura.santarosa.rs.gov.br\/index.php?rest_route=\/wp\/v2\/posts\/675\/revisions"}],"predecessor-version":[{"id":677,"href":"https:\/\/prefeitura.santarosa.rs.gov.br\/index.php?rest_route=\/wp\/v2\/posts\/675\/revisions\/677"}],"wp:featuredmedia":[{"embeddable":true,"href":"https:\/\/prefeitura.santarosa.rs.gov.br\/index.php?rest_route=\/wp\/v2\/media\/676"}],"wp:attachment":[{"href":"https:\/\/prefeitura.santarosa.rs.gov.br\/index.php?rest_route=%2Fwp%2Fv2%2Fmedia&parent=675"}],"wp:term":[{"taxonomy":"category","embeddable":true,"href":"https:\/\/prefeitura.santarosa.rs.gov.br\/index.php?rest_route=%2Fwp%2Fv2%2Fcategories&post=675"},{"taxonomy":"post_tag","embeddable":true,"href":"https:\/\/prefeitura.santarosa.rs.gov.br\/index.php?rest_route=%2Fwp%2Fv2%2Ftags&post=675"}],"curies":[{"name":"wp","href":"https:\/\/api.w.org\/{rel}","templated":true}]}}