{"id":6660,"date":"2023-05-08T09:40:50","date_gmt":"2023-05-08T12:40:50","guid":{"rendered":"https:\/\/prefeitura.santarosa.rs.gov.br\/?p=6660"},"modified":"2024-10-07T09:53:32","modified_gmt":"2024-10-07T12:53:32","slug":"tarde-da-beleza-e-realizada-pela-equipe-do-caps-ad-movimento","status":"publish","type":"post","link":"https:\/\/prefeitura.santarosa.rs.gov.br\/?p=6660","title":{"rendered":"Tarde da Beleza \u00e9 realizada pela equipe do CAPS AD Movimento"},"content":{"rendered":"\n<figure class=\"wp-block-image size-full\"><img fetchpriority=\"high\" decoding=\"async\" width=\"860\" height=\"645\" src=\"https:\/\/prefeitura.santarosa.rs.gov.br\/wp-content\/uploads\/2023\/05\/Formato-Site-e-Portal-860X645-JPG-2023-05-05T165457.382.jpg\" alt=\"\" class=\"wp-image-6661\" srcset=\"https:\/\/prefeitura.santarosa.rs.gov.br\/wp-content\/uploads\/2023\/05\/Formato-Site-e-Portal-860X645-JPG-2023-05-05T165457.382.jpg 860w, https:\/\/prefeitura.santarosa.rs.gov.br\/wp-content\/uploads\/2023\/05\/Formato-Site-e-Portal-860X645-JPG-2023-05-05T165457.382-300x225.jpg 300w, https:\/\/prefeitura.santarosa.rs.gov.br\/wp-content\/uploads\/2023\/05\/Formato-Site-e-Portal-860X645-JPG-2023-05-05T165457.382-768x576.jpg 768w\" sizes=\"(max-width: 860px) 100vw, 860px\" \/><\/figure>\n\n\n\n<p>A equipe do CAPS AD Movimento, servi\u00e7o que faz parte da Funda\u00e7\u00e3o Municipal de Sa\u00fade de Santa Rosa, realizou o evento: \u201cTarde da Beleza\u201d. A a\u00e7\u00e3o aconteceu atrav\u00e9s do projeto de interven\u00e7\u00e3o da estagi\u00e1ria de Servi\u00e7o Social, Jossana Reginaldo da Concei\u00e7\u00e3o, com a supervis\u00e3o da Assistente Social do CAPS AD, M\u00e1rcia Quinsani. O objetivo do projeto foi evidenciar e fortalecer o trabalho desenvolvido no CAPS AD, de reconhecimento dos valores individuais e sociais, bem como, de eleva\u00e7\u00e3o da autoestima e do sentimento de valoriza\u00e7\u00e3o pessoal.<\/p>\n\n\n\n<p>Participaram da atividade, as integrantes do Grupo de Artesanato de Familiares, coordenado pela artes\u00e3 Alice Thume. A Gerente da Rede de Aten\u00e7\u00e3o Psicossocial da FUMSSAR, Fl\u00e1via Albuquerque, destacou que as a\u00e7\u00f5es de sa\u00fade mental v\u00eam sendo intensificadas no munic\u00edpio, \u201cO CAPS AD Movimento \u00e9 um dos servi\u00e7os que comp\u00f5e a Rede de Aten\u00e7\u00e3o Psicossocial de Santa Rosa \u2013 RAPS. Estamos neste ano, desenvolvendo um trabalho em rede, com atividades e eventos que promovam o cuidado integral dos usu\u00e1rios e familiares, a fim de melhorar o sentimento de bem-estar e a qualidade de vida\u201d.<\/p>\n\n\n\n<p>Durante a tarde da beleza, foram tratados temas sobre como resgatar a autoestima e a import\u00e2ncia de reservar um tempo para os cuidados consigo mesma. O Presidente da FUMSSAR, D\u00e9lcio Stefan, ressaltou que a Funda\u00e7\u00e3o tem investido na qualifica\u00e7\u00e3o dos servi\u00e7os que fazem parte da RAPS, \u201cA\u00e7\u00f5es como esta, al\u00e9m de melhorar a autoestima e o bem-estar das pessoas, tamb\u00e9m s\u00e3o uma forma de preven\u00e7\u00e3o das doen\u00e7as, como a depress\u00e3o e o alcoolismo. Nossas equipes t\u00eam realizado palestras e rodas de conversa que abordam estes temas e auxiliam na promo\u00e7\u00e3o da sa\u00fade da popula\u00e7\u00e3o\u201d. No evento, as participantes tiveram a oportunidade tamb\u00e9m de fazer uma maquiagem e pintar as unhas.<\/p>\n","protected":false},"excerpt":{"rendered":"<p>A equipe do CAPS AD Movimento, servi\u00e7o que faz parte da Funda\u00e7\u00e3o Municipal de Sa\u00fade de Santa Rosa, realizou o<\/p>\n","protected":false},"author":6,"featured_media":6662,"comment_status":"closed","ping_status":"closed","sticky":false,"template":"","format":"standard","meta":{"footnotes":""},"categories":[4,8],"tags":[],"class_list":["post-6660","post","type-post","status-publish","format-standard","has-post-thumbnail","hentry","category-noticias","category-noticias-fumssar"],"aioseo_notices":[],"_links":{"self":[{"href":"https:\/\/prefeitura.santarosa.rs.gov.br\/index.php?rest_route=\/wp\/v2\/posts\/6660","targetHints":{"allow":["GET"]}}],"collection":[{"href":"https:\/\/prefeitura.santarosa.rs.gov.br\/index.php?rest_route=\/wp\/v2\/posts"}],"about":[{"href":"https:\/\/prefeitura.santarosa.rs.gov.br\/index.php?rest_route=\/wp\/v2\/types\/post"}],"author":[{"embeddable":true,"href":"https:\/\/prefeitura.santarosa.rs.gov.br\/index.php?rest_route=\/wp\/v2\/users\/6"}],"replies":[{"embeddable":true,"href":"https:\/\/prefeitura.santarosa.rs.gov.br\/index.php?rest_route=%2Fwp%2Fv2%2Fcomments&post=6660"}],"version-history":[{"count":1,"href":"https:\/\/prefeitura.santarosa.rs.gov.br\/index.php?rest_route=\/wp\/v2\/posts\/6660\/revisions"}],"predecessor-version":[{"id":6663,"href":"https:\/\/prefeitura.santarosa.rs.gov.br\/index.php?rest_route=\/wp\/v2\/posts\/6660\/revisions\/6663"}],"wp:featuredmedia":[{"embeddable":true,"href":"https:\/\/prefeitura.santarosa.rs.gov.br\/index.php?rest_route=\/wp\/v2\/media\/6662"}],"wp:attachment":[{"href":"https:\/\/prefeitura.santarosa.rs.gov.br\/index.php?rest_route=%2Fwp%2Fv2%2Fmedia&parent=6660"}],"wp:term":[{"taxonomy":"category","embeddable":true,"href":"https:\/\/prefeitura.santarosa.rs.gov.br\/index.php?rest_route=%2Fwp%2Fv2%2Fcategories&post=6660"},{"taxonomy":"post_tag","embeddable":true,"href":"https:\/\/prefeitura.santarosa.rs.gov.br\/index.php?rest_route=%2Fwp%2Fv2%2Ftags&post=6660"}],"curies":[{"name":"wp","href":"https:\/\/api.w.org\/{rel}","templated":true}]}}