{"id":6655,"date":"2023-05-05T13:52:17","date_gmt":"2023-05-05T16:52:17","guid":{"rendered":"https:\/\/prefeitura.santarosa.rs.gov.br\/?p=6655"},"modified":"2024-10-07T09:53:33","modified_gmt":"2024-10-07T12:53:33","slug":"desenvolvimento-infantil-e-tema-de-palestra-promovida-pela-ubs-cruzeiro-do-sul","status":"publish","type":"post","link":"https:\/\/prefeitura.santarosa.rs.gov.br\/?p=6655","title":{"rendered":"Desenvolvimento Infantil \u00e9 tema de palestra promovida pela UBS Cruzeiro do Sul"},"content":{"rendered":"\n<figure class=\"wp-block-image size-full\"><img fetchpriority=\"high\" decoding=\"async\" width=\"860\" height=\"645\" src=\"https:\/\/prefeitura.santarosa.rs.gov.br\/wp-content\/uploads\/2023\/05\/Formato-Site-e-Portal-860X645-JPG-2023-05-05T100447.479.jpg\" alt=\"\" class=\"wp-image-6656\" srcset=\"https:\/\/prefeitura.santarosa.rs.gov.br\/wp-content\/uploads\/2023\/05\/Formato-Site-e-Portal-860X645-JPG-2023-05-05T100447.479.jpg 860w, https:\/\/prefeitura.santarosa.rs.gov.br\/wp-content\/uploads\/2023\/05\/Formato-Site-e-Portal-860X645-JPG-2023-05-05T100447.479-300x225.jpg 300w, https:\/\/prefeitura.santarosa.rs.gov.br\/wp-content\/uploads\/2023\/05\/Formato-Site-e-Portal-860X645-JPG-2023-05-05T100447.479-768x576.jpg 768w\" sizes=\"(max-width: 860px) 100vw, 860px\" \/><\/figure>\n\n\n\n<p>A FUMSSAR atrav\u00e9s da equipe da Unidade B\u00e1sica de Sa\u00fade Cruzeiro do Sul e em parceria com a Escola de Educa\u00e7\u00e3o Infantil Mundo Encantado, promoveu uma palestra sobre o tema: \u201cDesenvolvimento Infantil\u201d. A a\u00e7\u00e3o foi coordenada pela psic\u00f3loga da Funda\u00e7\u00e3o, Maria Cristina Ehlert. Participaram da atividade, profissionais da educa\u00e7\u00e3o e os pais e respons\u00e1veis dos alunos.<\/p>\n\n\n\n<p>Na oportunidade, a psic\u00f3loga falou sobre os marcos do desenvolvimento infantil, a import\u00e2ncia de estimular as crian\u00e7as para os h\u00e1bitos saud\u00e1veis, os aspectos ps\u00edquicos implicados e a necessidade de impor limites e demonstrar afeto. A Coordenadora da UBS Cruzeiro do Sul, Roselaine Paim, destacou a a\u00e7\u00e3o, \u201cS\u00e3o atividades assim, que refor\u00e7am a parceria entre a Sa\u00fade (UBS), Escola e Fam\u00edlia, o que resulta em benef\u00edcio para o desenvolvimento integral das crian\u00e7as\u201d.<\/p>\n\n\n\n<p>Foi destacado tamb\u00e9m na palestra, a import\u00e2ncia de desenvolver a autonomia nas crian\u00e7as. O Presidente da FUMSSAR, D\u00e9lcio Stefan, ressaltou o trabalho de educa\u00e7\u00e3o em sa\u00fade que est\u00e1 acontecendo nas escolas do munic\u00edpio, \u201cTemos uma parceria importante entre a sa\u00fade e a educa\u00e7\u00e3o. Todas as semanas, as equipes das unidades realizam a\u00e7\u00f5es educativas nas escolas, com instru\u00e7\u00f5es e dicas para promover a sa\u00fade integral das crian\u00e7as e adolescentes de Santa Rosa\u201d. &nbsp;Mais de 60 fam\u00edlias compareceram e puderam esclarecer d\u00favidas sobre educa\u00e7\u00e3o, sa\u00fade e como promover o desenvolvimento infantil.<\/p>\n","protected":false},"excerpt":{"rendered":"<p>A FUMSSAR atrav\u00e9s da equipe da Unidade B\u00e1sica de Sa\u00fade Cruzeiro do Sul e em parceria com a Escola de<\/p>\n","protected":false},"author":6,"featured_media":6657,"comment_status":"closed","ping_status":"closed","sticky":false,"template":"","format":"standard","meta":{"footnotes":""},"categories":[4,8],"tags":[],"class_list":["post-6655","post","type-post","status-publish","format-standard","has-post-thumbnail","hentry","category-noticias","category-noticias-fumssar"],"aioseo_notices":[],"_links":{"self":[{"href":"https:\/\/prefeitura.santarosa.rs.gov.br\/index.php?rest_route=\/wp\/v2\/posts\/6655","targetHints":{"allow":["GET"]}}],"collection":[{"href":"https:\/\/prefeitura.santarosa.rs.gov.br\/index.php?rest_route=\/wp\/v2\/posts"}],"about":[{"href":"https:\/\/prefeitura.santarosa.rs.gov.br\/index.php?rest_route=\/wp\/v2\/types\/post"}],"author":[{"embeddable":true,"href":"https:\/\/prefeitura.santarosa.rs.gov.br\/index.php?rest_route=\/wp\/v2\/users\/6"}],"replies":[{"embeddable":true,"href":"https:\/\/prefeitura.santarosa.rs.gov.br\/index.php?rest_route=%2Fwp%2Fv2%2Fcomments&post=6655"}],"version-history":[{"count":1,"href":"https:\/\/prefeitura.santarosa.rs.gov.br\/index.php?rest_route=\/wp\/v2\/posts\/6655\/revisions"}],"predecessor-version":[{"id":6658,"href":"https:\/\/prefeitura.santarosa.rs.gov.br\/index.php?rest_route=\/wp\/v2\/posts\/6655\/revisions\/6658"}],"wp:featuredmedia":[{"embeddable":true,"href":"https:\/\/prefeitura.santarosa.rs.gov.br\/index.php?rest_route=\/wp\/v2\/media\/6657"}],"wp:attachment":[{"href":"https:\/\/prefeitura.santarosa.rs.gov.br\/index.php?rest_route=%2Fwp%2Fv2%2Fmedia&parent=6655"}],"wp:term":[{"taxonomy":"category","embeddable":true,"href":"https:\/\/prefeitura.santarosa.rs.gov.br\/index.php?rest_route=%2Fwp%2Fv2%2Fcategories&post=6655"},{"taxonomy":"post_tag","embeddable":true,"href":"https:\/\/prefeitura.santarosa.rs.gov.br\/index.php?rest_route=%2Fwp%2Fv2%2Ftags&post=6655"}],"curies":[{"name":"wp","href":"https:\/\/api.w.org\/{rel}","templated":true}]}}