{"id":6588,"date":"2023-05-02T13:50:06","date_gmt":"2023-05-02T16:50:06","guid":{"rendered":"https:\/\/prefeitura.santarosa.rs.gov.br\/?p=6588"},"modified":"2024-10-07T09:53:33","modified_gmt":"2024-10-07T12:53:33","slug":"dia-de-campo-e-promovido-pela-secretaria-de-agricultura","status":"publish","type":"post","link":"https:\/\/prefeitura.santarosa.rs.gov.br\/?p=6588","title":{"rendered":"Dia de Campo \u00e9 promovido pela Secretaria de Agricultura"},"content":{"rendered":"\n<figure class=\"wp-block-image size-full\"><img fetchpriority=\"high\" decoding=\"async\" width=\"860\" height=\"645\" src=\"https:\/\/prefeitura.santarosa.rs.gov.br\/wp-content\/uploads\/2023\/05\/Formato-Site-e-Portal-860X645-JPG-2023-05-02T134636.946.jpg\" alt=\"\" class=\"wp-image-6589\" srcset=\"https:\/\/prefeitura.santarosa.rs.gov.br\/wp-content\/uploads\/2023\/05\/Formato-Site-e-Portal-860X645-JPG-2023-05-02T134636.946.jpg 860w, https:\/\/prefeitura.santarosa.rs.gov.br\/wp-content\/uploads\/2023\/05\/Formato-Site-e-Portal-860X645-JPG-2023-05-02T134636.946-300x225.jpg 300w, https:\/\/prefeitura.santarosa.rs.gov.br\/wp-content\/uploads\/2023\/05\/Formato-Site-e-Portal-860X645-JPG-2023-05-02T134636.946-768x576.jpg 768w\" sizes=\"(max-width: 860px) 100vw, 860px\" \/><\/figure>\n\n\n\n<p>A Prefeitura atrav\u00e9s da Secretaria de Agricultura e em parceria com o Sindicato Rural de Santa Rosa e o SENAR RS, promoveu no \u00faltimo final de semana, o Dia de Campo \u2013 Tambo Amanhecer. A atividade contou com uma programa\u00e7\u00e3o especial voltada para a bacia leiteira do munic\u00edpio. Mais de 100 fam\u00edlias de produtores rurais participaram da a\u00e7\u00e3o, na propriedade da fam\u00edlia Jantsch, no Lajeado Capim, interior de Santa Rosa. O evento teve o apoio do Sicredi, da Mig-Plus Agroindustrial e do Grupo Lactal\u00eds.&nbsp;<\/p>\n\n\n\n<p>O objetivo foi fortalecer a agricultura familiar proporcionando aos produtores, o conhecimento de novas tecnologias e de novas t\u00e9cnicas para empreender e gerar mais renda. O Vice-Prefeito Aldemir Ulrich deu as boas-vindas e agradeceu \u00e0 fam\u00edlia do produtor Dami\u00e3o Jantsch, por disponibilizar sua propriedade para o encontro. \u201cFico muito feliz de ver toda essa organiza\u00e7\u00e3o realizada pelos nossos servidores, para trazer mais informa\u00e7\u00e3o e atender melhor os produtores rurais de Santa Rosa. O Governo Municipal est\u00e1 investindo em diversas obras no interior do munic\u00edpio, para melhorar a infraestrutura e trazer mais qualidade de vida para as comunidades\u201d.<\/p>\n\n\n\n<p>Durante a manh\u00e3, os participantes receberam instru\u00e7\u00f5es, atrav\u00e9s das esta\u00e7\u00f5es de aprendizagem, com os temas: nutri\u00e7\u00e3o, melhoramento gen\u00e9tico e cria\u00e7\u00e3o de terneira. A forma\u00e7\u00e3o foi realizada por profissionais t\u00e9cnicos do SENAR RS. O Secret\u00e1rio de Agricultura, Paulo Roberto dos Santos, tamb\u00e9m falou da disposi\u00e7\u00e3o do poder p\u00fablico em auxiliar o produtor rural, \u201cA equipe da secretaria de agricultura tem dado suporte aos agricultores, oferecendo programas de assist\u00eancia t\u00e9cnica e cursos gratuitos. S\u00e3o diversas forma\u00e7\u00f5es que contribuem para o desenvolvimento do agroneg\u00f3cio em Santa Rosa\u201d. Na oportunidade, tamb\u00e9m foram entregues os certificados para os alunos que conclu\u00edram o Leitec &#8211; Programa Tecnologia para Produ\u00e7\u00e3o de Leite.<\/p>\n","protected":false},"excerpt":{"rendered":"<p>A Prefeitura atrav\u00e9s da Secretaria de Agricultura e em parceria com o Sindicato Rural de Santa Rosa e o SENAR<\/p>\n","protected":false},"author":6,"featured_media":6590,"comment_status":"closed","ping_status":"closed","sticky":false,"template":"","format":"standard","meta":{"footnotes":""},"categories":[4,14],"tags":[],"class_list":["post-6588","post","type-post","status-publish","format-standard","has-post-thumbnail","hentry","category-noticias","category-secretaria-municipal-de-agricultura"],"aioseo_notices":[],"_links":{"self":[{"href":"https:\/\/prefeitura.santarosa.rs.gov.br\/index.php?rest_route=\/wp\/v2\/posts\/6588","targetHints":{"allow":["GET"]}}],"collection":[{"href":"https:\/\/prefeitura.santarosa.rs.gov.br\/index.php?rest_route=\/wp\/v2\/posts"}],"about":[{"href":"https:\/\/prefeitura.santarosa.rs.gov.br\/index.php?rest_route=\/wp\/v2\/types\/post"}],"author":[{"embeddable":true,"href":"https:\/\/prefeitura.santarosa.rs.gov.br\/index.php?rest_route=\/wp\/v2\/users\/6"}],"replies":[{"embeddable":true,"href":"https:\/\/prefeitura.santarosa.rs.gov.br\/index.php?rest_route=%2Fwp%2Fv2%2Fcomments&post=6588"}],"version-history":[{"count":1,"href":"https:\/\/prefeitura.santarosa.rs.gov.br\/index.php?rest_route=\/wp\/v2\/posts\/6588\/revisions"}],"predecessor-version":[{"id":6591,"href":"https:\/\/prefeitura.santarosa.rs.gov.br\/index.php?rest_route=\/wp\/v2\/posts\/6588\/revisions\/6591"}],"wp:featuredmedia":[{"embeddable":true,"href":"https:\/\/prefeitura.santarosa.rs.gov.br\/index.php?rest_route=\/wp\/v2\/media\/6590"}],"wp:attachment":[{"href":"https:\/\/prefeitura.santarosa.rs.gov.br\/index.php?rest_route=%2Fwp%2Fv2%2Fmedia&parent=6588"}],"wp:term":[{"taxonomy":"category","embeddable":true,"href":"https:\/\/prefeitura.santarosa.rs.gov.br\/index.php?rest_route=%2Fwp%2Fv2%2Fcategories&post=6588"},{"taxonomy":"post_tag","embeddable":true,"href":"https:\/\/prefeitura.santarosa.rs.gov.br\/index.php?rest_route=%2Fwp%2Fv2%2Ftags&post=6588"}],"curies":[{"name":"wp","href":"https:\/\/api.w.org\/{rel}","templated":true}]}}