{"id":657,"date":"2021-11-30T09:39:00","date_gmt":"2021-11-30T12:39:00","guid":{"rendered":"https:\/\/prefeitura.santarosa.rs.gov.br\/?p=657"},"modified":"2024-10-07T09:54:42","modified_gmt":"2024-10-07T12:54:42","slug":"ministro-participa-da-implementacao-do-3o-turno-em-cruzeiro-do-sul","status":"publish","type":"post","link":"https:\/\/prefeitura.santarosa.rs.gov.br\/?p=657","title":{"rendered":"Ministro participa da implementa\u00e7\u00e3o do 3\u00ba turno em Cruzeiro do Sul"},"content":{"rendered":"\n<p>O objetivo \u00e9 facilitar o acesso da popula\u00e7\u00e3o que n\u00e3o consegue realizar seus atendimentos durante o hor\u00e1rio comercial.<\/p>\n\n\n\n<p>No \u00faltimo s\u00e1bado (27), foi realizado na Unidade B\u00e1sica de Sa\u00fade Cruzeiro do Sul a cerim\u00f4nia de implementa\u00e7\u00e3o do terceiro turno de atendimento. Esse atendimento que era uma promessa de campanha do Prefeito Anderson Mantei vai acontecer 05 noites por semana. O objetivo \u00e9 facilitar o acesso da popula\u00e7\u00e3o que n\u00e3o consegue realizar seus atendimentos durante o hor\u00e1rio comercial. Essa \u00e9 a segunda UBS contemplada nesse projeto, no territ\u00f3rio do bairro Cruzeiro. A partir da pr\u00f3xima semana, os usu\u00e1rios da unidade v\u00e3o poder usufruir da amplia\u00e7\u00e3o no atendimento.<br><br>Para o ato de implementa\u00e7\u00e3o do servi\u00e7o, estavam presentes o Ministro de Sa\u00fade Marcelo Queiroga, o Senador, Luis Carlos Heinze, o Deputado Federal, Osmar Terra e o Deputado Federal, Giovani Cherini, dentre outras autoridades da regi\u00e3o. O ministro e os parlamentares foram recepcionados pelo prefeito Anderson Mantei e pelo presidente da Funda\u00e7\u00e3o Municipal de Sa\u00fade, D\u00e9lcio Stefan, junto com toda a equipe de sa\u00fade que trabalha no local e dos coordenadores de outras unidades. O ministro da sa\u00fade, Marcelo Queiroga destacou que o atendimento de qualidade deve ser sempre prioridade, \u201cA Aten\u00e7\u00e3o Prim\u00e1ria \u00e9 umas das prioridades da gest\u00e3o. Aumentamos o investimento de R$ 17 bilh\u00f5es para R$ 24 bilh\u00f5es. Hoje, s\u00e3o mais de 48 mil unidades b\u00e1sicas de sa\u00fade espalhadas pelo Brasil e mais de53 mil equipes de sa\u00fade da fam\u00edlia. N\u00f3s queremos controlar a hipertens\u00e3o arterial, a diabetes, o sobrepeso e \u00e9 assim que faremos a revolu\u00e7\u00e3o na sa\u00fade p\u00fablica do Brasil\u201d, afirmou.<br><br>De segunda a sexta-feira, das 17h30 \u00e0s 21h30, com um cronograma di\u00e1rio de atendimentos multiprofissionais os usu\u00e1rios de Cruzeiro do Sul v\u00e3o poder buscar atendimento de sa\u00fade. O objetivo \u00e9 que os atendimentos sejam diferenciados e n\u00e3o apenas para acolhimento de demandas espont\u00e2neas. Al\u00e9m da busca ativa, as equipes de sa\u00fade far\u00e3o marca\u00e7\u00e3o de consulta odontol\u00f3gica e constru\u00e7\u00e3o de Projeto Terap\u00eautico Singular com diversos tipos de tratamento, como sa\u00fade mental e sa\u00fade do trabalhador. Essa \u00e9 a segunda unidade de sa\u00fade a implementar o formato de turno estendido, o projeto-piloto j\u00e1 funciona na primeira unidade, na UBS J\u00falio de Oliveira, desde outubro deste ano. Para o Prefeito, Anderson Mantei este projeto vem para trazer mais qualidade de vida para a popula\u00e7\u00e3o, \u201cEsta \u00e9 mais uma a\u00e7\u00e3o do plano de governo que se concretiza, atendendo a uma demanda da comunidade e dos trabalhadores para aprimorar o cuidado em sa\u00fade na Cruzeiro do Sul\u201d.<br><br>O cronograma di\u00e1rio de atendimentos, no terceiro turno vai incluir consultas odontol\u00f3gicas, solicita\u00e7\u00e3o de exames, acompanhamento de gestantes (pr\u00e9-natal), acompanhamento de pacientes cr\u00f4nicos e vacina\u00e7\u00e3o, oportunizando para a comunidade realizar tamb\u00e9m as pr\u00e1ticas integrativas e complementares (PIC\u2019s). O presidente da FUMSSAR, D\u00e9lcio Stefan, agradeceu a presen\u00e7a das autoridades e falou sobre a import\u00e2ncia de mais esta amplia\u00e7\u00e3o nos servi\u00e7os de sa\u00fade do munic\u00edpio, \u201cNosso objetivo \u00e9 colocar a sa\u00fade da popula\u00e7\u00e3o no centro das demandas. Planejando a\u00e7\u00f5es que sejam resolutivas e fazendo com que a UBS se adapte, ainda mais com a realidade local\u201d. A UBS Cruzeiro do Sul atende aproximadamente cinco mil pessoas. Fazem parte da equipe de Sa\u00fade da Fam\u00edlia: m\u00e9dico, enfermeiro, t\u00e9cnico em enfermagem e agentes comunit\u00e1rios de sa\u00fade, o local tamb\u00e9m conta com uma equipe multiprofissional composta por psic\u00f3logo, fonoaudi\u00f3logo, nutricionista, professor de educa\u00e7\u00e3o f\u00edsica, al\u00e9m da resid\u00eancia m\u00e9dica e multiprofissional.<\/p>\n","protected":false},"excerpt":{"rendered":"<p>O objetivo \u00e9 facilitar o acesso da popula\u00e7\u00e3o que n\u00e3o consegue realizar seus atendimentos durante o hor\u00e1rio comercial. No \u00faltimo<\/p>\n","protected":false},"author":3,"featured_media":658,"comment_status":"open","ping_status":"open","sticky":false,"template":"","format":"standard","meta":{"footnotes":""},"categories":[4,8],"tags":[],"class_list":["post-657","post","type-post","status-publish","format-standard","has-post-thumbnail","hentry","category-noticias","category-noticias-fumssar"],"aioseo_notices":[],"_links":{"self":[{"href":"https:\/\/prefeitura.santarosa.rs.gov.br\/index.php?rest_route=\/wp\/v2\/posts\/657","targetHints":{"allow":["GET"]}}],"collection":[{"href":"https:\/\/prefeitura.santarosa.rs.gov.br\/index.php?rest_route=\/wp\/v2\/posts"}],"about":[{"href":"https:\/\/prefeitura.santarosa.rs.gov.br\/index.php?rest_route=\/wp\/v2\/types\/post"}],"author":[{"embeddable":true,"href":"https:\/\/prefeitura.santarosa.rs.gov.br\/index.php?rest_route=\/wp\/v2\/users\/3"}],"replies":[{"embeddable":true,"href":"https:\/\/prefeitura.santarosa.rs.gov.br\/index.php?rest_route=%2Fwp%2Fv2%2Fcomments&post=657"}],"version-history":[{"count":1,"href":"https:\/\/prefeitura.santarosa.rs.gov.br\/index.php?rest_route=\/wp\/v2\/posts\/657\/revisions"}],"predecessor-version":[{"id":659,"href":"https:\/\/prefeitura.santarosa.rs.gov.br\/index.php?rest_route=\/wp\/v2\/posts\/657\/revisions\/659"}],"wp:featuredmedia":[{"embeddable":true,"href":"https:\/\/prefeitura.santarosa.rs.gov.br\/index.php?rest_route=\/wp\/v2\/media\/658"}],"wp:attachment":[{"href":"https:\/\/prefeitura.santarosa.rs.gov.br\/index.php?rest_route=%2Fwp%2Fv2%2Fmedia&parent=657"}],"wp:term":[{"taxonomy":"category","embeddable":true,"href":"https:\/\/prefeitura.santarosa.rs.gov.br\/index.php?rest_route=%2Fwp%2Fv2%2Fcategories&post=657"},{"taxonomy":"post_tag","embeddable":true,"href":"https:\/\/prefeitura.santarosa.rs.gov.br\/index.php?rest_route=%2Fwp%2Fv2%2Ftags&post=657"}],"curies":[{"name":"wp","href":"https:\/\/api.w.org\/{rel}","templated":true}]}}