{"id":6561,"date":"2023-04-26T16:56:00","date_gmt":"2023-04-26T19:56:00","guid":{"rendered":"https:\/\/prefeitura.santarosa.rs.gov.br\/?p=6561"},"modified":"2024-10-07T09:53:33","modified_gmt":"2024-10-07T12:53:33","slug":"acoes-do-programa-saude-na-escola-acontecem-na-rede-municipal-de-ensino","status":"publish","type":"post","link":"https:\/\/prefeitura.santarosa.rs.gov.br\/?p=6561","title":{"rendered":"A\u00e7\u00f5es do Programa Sa\u00fade na Escola acontecem na Rede Municipal de Ensino"},"content":{"rendered":"\n<figure class=\"wp-block-image size-full\"><img fetchpriority=\"high\" decoding=\"async\" width=\"860\" height=\"645\" src=\"https:\/\/prefeitura.santarosa.rs.gov.br\/wp-content\/uploads\/2023\/04\/Formato-Site-e-Portal-860X645-JPG-2023-04-26T164751.760.jpg\" alt=\"\" class=\"wp-image-6562\" srcset=\"https:\/\/prefeitura.santarosa.rs.gov.br\/wp-content\/uploads\/2023\/04\/Formato-Site-e-Portal-860X645-JPG-2023-04-26T164751.760.jpg 860w, https:\/\/prefeitura.santarosa.rs.gov.br\/wp-content\/uploads\/2023\/04\/Formato-Site-e-Portal-860X645-JPG-2023-04-26T164751.760-300x225.jpg 300w, https:\/\/prefeitura.santarosa.rs.gov.br\/wp-content\/uploads\/2023\/04\/Formato-Site-e-Portal-860X645-JPG-2023-04-26T164751.760-768x576.jpg 768w\" sizes=\"(max-width: 860px) 100vw, 860px\" \/><\/figure>\n\n\n\n<p>As escolas da Rede Municipal de Ensino de Santa Rosa t\u00eam recebido os profissionais de sa\u00fade para a execu\u00e7\u00e3o das a\u00e7\u00f5es previstas no Programa Sa\u00fade na Escola &#8211; PSE. O objetivo \u00e9 contribuir para a forma\u00e7\u00e3o integral dos estudantes, por meio de atividades de promo\u00e7\u00e3o, preven\u00e7\u00e3o e aten\u00e7\u00e3o \u00e0 sa\u00fade, focadas no enfrentamento das vulnerabilidades, que comprometem o pleno desenvolvimento de crian\u00e7as, adolescentes e jovens. Uma das a\u00e7\u00f5es realizadas \u00e9 a preven\u00e7\u00e3o em sa\u00fade bucal. Dessa forma, a FUMSSAR adquiriu com recursos do PSE, novas bocas l\u00fadicas que foram distribu\u00eddas nas 20 EMEI\u2019s do munic\u00edpio.<\/p>\n\n\n\n<p>O PSE \u00e9 realizado em parceria com a Secretaria de Educa\u00e7\u00e3o \u2013 SMEC e com a 17\u00aa Coordenadoria Regional de Educa\u00e7\u00e3o. Os novos equipamentos de aprendizagem foram adquiridos conforme proposto na reuni\u00e3o do GTM &#8211; Grupo de Trabalho Municipal, respons\u00e1vel pelo planejamento das a\u00e7\u00f5es, compra de materiais e capacita\u00e7\u00f5es para os profissionais envolvidos no programa. A Coordenadora do PSE e odont\u00f3loga da FUMSSAR, Andrea Bauken, destaca as a\u00e7\u00f5es realizadas nas escolas, \u201cAs 20 bocas l\u00fadicas est\u00e3o sendo utilizadas para promover a sa\u00fade bucal das crian\u00e7as de forma alegre, colorida e criativa, contribuindo para o trabalho das equipes de sa\u00fade e das escolas na promo\u00e7\u00e3o e educa\u00e7\u00e3o em sa\u00fade\u201d.<\/p>\n\n\n\n<p>No total, o programa j\u00e1 distribuiu tamb\u00e9m mais de 1.100 escovas dentais em todas escolas da rede municipal. A Diretora do Departamento de Planejamento Pedag\u00f3gico da SMEC, Josyane Heck, ressalta os resultados positivos deste trabalho em conjunto, da sa\u00fade e educa\u00e7\u00e3o, \u201cAtrav\u00e9s das a\u00e7\u00f5es do PSE, conseguimos de forma l\u00fadica, envolver as crian\u00e7as no processo de aprendizagem e preven\u00e7\u00e3o das doen\u00e7as. Um aprendizado de forma leve, que se torna um h\u00e1bito e melhora a qualidade de vida\u201d. Dentro das a\u00e7\u00f5es com a tem\u00e1tica de sa\u00fade bucal, a classifica\u00e7\u00e3o de risco bucal e escova\u00e7\u00e3o supervisionada tem como principal objetivo fazer uma avalia\u00e7\u00e3o dos alunos e encaminhamento para o tratamento odontol\u00f3gico, se necess\u00e1rio.<\/p>\n","protected":false},"excerpt":{"rendered":"<p>As escolas da Rede Municipal de Ensino de Santa Rosa t\u00eam recebido os profissionais de sa\u00fade para a execu\u00e7\u00e3o das<\/p>\n","protected":false},"author":6,"featured_media":6563,"comment_status":"closed","ping_status":"closed","sticky":false,"template":"","format":"standard","meta":{"footnotes":""},"categories":[4,8,18],"tags":[],"class_list":["post-6561","post","type-post","status-publish","format-standard","has-post-thumbnail","hentry","category-noticias","category-noticias-fumssar","category-secretaria-municipal-de-educacao-e-cultura"],"aioseo_notices":[],"_links":{"self":[{"href":"https:\/\/prefeitura.santarosa.rs.gov.br\/index.php?rest_route=\/wp\/v2\/posts\/6561","targetHints":{"allow":["GET"]}}],"collection":[{"href":"https:\/\/prefeitura.santarosa.rs.gov.br\/index.php?rest_route=\/wp\/v2\/posts"}],"about":[{"href":"https:\/\/prefeitura.santarosa.rs.gov.br\/index.php?rest_route=\/wp\/v2\/types\/post"}],"author":[{"embeddable":true,"href":"https:\/\/prefeitura.santarosa.rs.gov.br\/index.php?rest_route=\/wp\/v2\/users\/6"}],"replies":[{"embeddable":true,"href":"https:\/\/prefeitura.santarosa.rs.gov.br\/index.php?rest_route=%2Fwp%2Fv2%2Fcomments&post=6561"}],"version-history":[{"count":1,"href":"https:\/\/prefeitura.santarosa.rs.gov.br\/index.php?rest_route=\/wp\/v2\/posts\/6561\/revisions"}],"predecessor-version":[{"id":6564,"href":"https:\/\/prefeitura.santarosa.rs.gov.br\/index.php?rest_route=\/wp\/v2\/posts\/6561\/revisions\/6564"}],"wp:featuredmedia":[{"embeddable":true,"href":"https:\/\/prefeitura.santarosa.rs.gov.br\/index.php?rest_route=\/wp\/v2\/media\/6563"}],"wp:attachment":[{"href":"https:\/\/prefeitura.santarosa.rs.gov.br\/index.php?rest_route=%2Fwp%2Fv2%2Fmedia&parent=6561"}],"wp:term":[{"taxonomy":"category","embeddable":true,"href":"https:\/\/prefeitura.santarosa.rs.gov.br\/index.php?rest_route=%2Fwp%2Fv2%2Fcategories&post=6561"},{"taxonomy":"post_tag","embeddable":true,"href":"https:\/\/prefeitura.santarosa.rs.gov.br\/index.php?rest_route=%2Fwp%2Fv2%2Ftags&post=6561"}],"curies":[{"name":"wp","href":"https:\/\/api.w.org\/{rel}","templated":true}]}}