{"id":6508,"date":"2023-04-19T14:52:14","date_gmt":"2023-04-19T17:52:14","guid":{"rendered":"https:\/\/prefeitura.santarosa.rs.gov.br\/?p=6508"},"modified":"2024-10-07T09:53:33","modified_gmt":"2024-10-07T12:53:33","slug":"dia-do-escritor-local-e-dia-nacional-do-livro-infantil-e-comemorado-em-santa-rosa","status":"publish","type":"post","link":"https:\/\/prefeitura.santarosa.rs.gov.br\/?p=6508","title":{"rendered":"Dia do Escritor Local e Dia Nacional do Livro Infantil \u00e9 comemorado em Santa Rosa"},"content":{"rendered":"\n<figure class=\"wp-block-image size-full\"><img fetchpriority=\"high\" decoding=\"async\" width=\"860\" height=\"645\" src=\"https:\/\/prefeitura.santarosa.rs.gov.br\/wp-content\/uploads\/2023\/04\/dia-do-escritor.jpg\" alt=\"\" class=\"wp-image-6509\" srcset=\"https:\/\/prefeitura.santarosa.rs.gov.br\/wp-content\/uploads\/2023\/04\/dia-do-escritor.jpg 860w, https:\/\/prefeitura.santarosa.rs.gov.br\/wp-content\/uploads\/2023\/04\/dia-do-escritor-300x225.jpg 300w, https:\/\/prefeitura.santarosa.rs.gov.br\/wp-content\/uploads\/2023\/04\/dia-do-escritor-768x576.jpg 768w\" sizes=\"(max-width: 860px) 100vw, 860px\" \/><\/figure>\n\n\n\n<p>Com o objetivo de desenvolver o gosto e o h\u00e1bito pela leitura, a equipe da Secretaria de Educa\u00e7\u00e3o, atrav\u00e9s do Departamento de Cultura, comemorou o Dia do Escritor Local e o Dia Nacional do Livro Infantil. Em Santa Rosa, a lei 5.490 de 19 de fevereiro de 2019, instituiu o dia 18 de abril, como o Dia do Escritor Local. Nesse mesmo dia, \u00e9 celebrado tamb\u00e9m, o anivers\u00e1rio do escritor Monteiro Lobato, considerado no Brasil, o \u201cpai da literatura infantil\u201d. A a\u00e7\u00e3o aconteceu na Biblioteca P\u00fablica Municipal Olavo Bilac, durante todo o dia, com conta\u00e7\u00f5es de hist\u00f3rias para estudantes de Santa Rosa.<\/p>\n\n\n\n<p>A atividade foi comandada pelas escritoras santa-rosenses, D\u00e9bora Rodrigues e Marli Schiefelbein Arruda, que apresentaram para as crian\u00e7as hist\u00f3rias de livros infantis escritos por elas. Participaram do evento, turmas do 2\u00ba ano do Ensino Fundamental da escola FEMA e do 3\u00ba ano, da EMEF Nossa Senhora de Lima. A Diretora de Cultura, Denise Maria Bonin, destacou que o evento teve como proposta incentivar o h\u00e1bito da leitura, \u201cTodos os dias devemos incentivar as nossas crian\u00e7as e adolescentes para a leitura, esse h\u00e1bito que vem sendo substitu\u00eddo pelo uso cada vez mais frequente da tecnologia. Quem l\u00ea tem a possibilidade de viajar para in\u00fameros lugares, e viver em mundos diferentes, a leitura nos proporciona liberdade de pensamento, de informa\u00e7\u00e3o e de criatividade\u201d. Os livros apresentados de forma l\u00fadica para os alunos, fazem parte do acervo da Biblioteca P\u00fablica de Santa Rosa. Quem quiser conferir os exemplares e muitos outros t\u00edtulos, pode visitar o local, de segunda a sexta-feira, das 07h30min \u00e0s 11h30min e das 13h30min \u00e0s 17h30min, na Rua Buenos Aires, 938, centro.<\/p>\n","protected":false},"excerpt":{"rendered":"<p>Com o objetivo de desenvolver o gosto e o h\u00e1bito pela leitura, a equipe da Secretaria de Educa\u00e7\u00e3o, atrav\u00e9s do<\/p>\n","protected":false},"author":6,"featured_media":6510,"comment_status":"closed","ping_status":"closed","sticky":false,"template":"","format":"standard","meta":{"footnotes":""},"categories":[4,18],"tags":[],"class_list":["post-6508","post","type-post","status-publish","format-standard","has-post-thumbnail","hentry","category-noticias","category-secretaria-municipal-de-educacao-e-cultura"],"aioseo_notices":[],"_links":{"self":[{"href":"https:\/\/prefeitura.santarosa.rs.gov.br\/index.php?rest_route=\/wp\/v2\/posts\/6508","targetHints":{"allow":["GET"]}}],"collection":[{"href":"https:\/\/prefeitura.santarosa.rs.gov.br\/index.php?rest_route=\/wp\/v2\/posts"}],"about":[{"href":"https:\/\/prefeitura.santarosa.rs.gov.br\/index.php?rest_route=\/wp\/v2\/types\/post"}],"author":[{"embeddable":true,"href":"https:\/\/prefeitura.santarosa.rs.gov.br\/index.php?rest_route=\/wp\/v2\/users\/6"}],"replies":[{"embeddable":true,"href":"https:\/\/prefeitura.santarosa.rs.gov.br\/index.php?rest_route=%2Fwp%2Fv2%2Fcomments&post=6508"}],"version-history":[{"count":1,"href":"https:\/\/prefeitura.santarosa.rs.gov.br\/index.php?rest_route=\/wp\/v2\/posts\/6508\/revisions"}],"predecessor-version":[{"id":6511,"href":"https:\/\/prefeitura.santarosa.rs.gov.br\/index.php?rest_route=\/wp\/v2\/posts\/6508\/revisions\/6511"}],"wp:featuredmedia":[{"embeddable":true,"href":"https:\/\/prefeitura.santarosa.rs.gov.br\/index.php?rest_route=\/wp\/v2\/media\/6510"}],"wp:attachment":[{"href":"https:\/\/prefeitura.santarosa.rs.gov.br\/index.php?rest_route=%2Fwp%2Fv2%2Fmedia&parent=6508"}],"wp:term":[{"taxonomy":"category","embeddable":true,"href":"https:\/\/prefeitura.santarosa.rs.gov.br\/index.php?rest_route=%2Fwp%2Fv2%2Fcategories&post=6508"},{"taxonomy":"post_tag","embeddable":true,"href":"https:\/\/prefeitura.santarosa.rs.gov.br\/index.php?rest_route=%2Fwp%2Fv2%2Ftags&post=6508"}],"curies":[{"name":"wp","href":"https:\/\/api.w.org\/{rel}","templated":true}]}}