{"id":6504,"date":"2023-04-18T17:06:59","date_gmt":"2023-04-18T20:06:59","guid":{"rendered":"https:\/\/prefeitura.santarosa.rs.gov.br\/?p=6504"},"modified":"2024-10-07T09:53:33","modified_gmt":"2024-10-07T12:53:33","slug":"emef-nossa-senhora-de-fatima-tera-novos-muros","status":"publish","type":"post","link":"https:\/\/prefeitura.santarosa.rs.gov.br\/?p=6504","title":{"rendered":"EMEF Nossa Senhora de F\u00e1tima ter\u00e1 novos muros"},"content":{"rendered":"\n<figure class=\"wp-block-image size-full\"><img fetchpriority=\"high\" decoding=\"async\" width=\"860\" height=\"645\" src=\"https:\/\/prefeitura.santarosa.rs.gov.br\/wp-content\/uploads\/2023\/04\/Formato-Site-e-Portal-860X645-JPG-2023-04-18T170546.382.jpg\" alt=\"\" class=\"wp-image-6505\" srcset=\"https:\/\/prefeitura.santarosa.rs.gov.br\/wp-content\/uploads\/2023\/04\/Formato-Site-e-Portal-860X645-JPG-2023-04-18T170546.382.jpg 860w, https:\/\/prefeitura.santarosa.rs.gov.br\/wp-content\/uploads\/2023\/04\/Formato-Site-e-Portal-860X645-JPG-2023-04-18T170546.382-300x225.jpg 300w, https:\/\/prefeitura.santarosa.rs.gov.br\/wp-content\/uploads\/2023\/04\/Formato-Site-e-Portal-860X645-JPG-2023-04-18T170546.382-768x576.jpg 768w\" sizes=\"(max-width: 860px) 100vw, 860px\" \/><\/figure>\n\n\n\n<p>A Escola Municipal de Ensino Fundamental Nossa Senhora de F\u00e1tima vai ser beneficiada com a constru\u00e7\u00e3o de novos muros. O Prefeito Anderson Mantei assinou a ordem de in\u00edcio do servi\u00e7o. Cerca de R$ 150 mil ser\u00e3o investidos na obra. A EMEF localizada no bairro Sulina, atende 570 alunos da Pr\u00e9-Escola ao 9\u00ba ano.<\/p>\n\n\n\n<p>O projeto contempla a demoli\u00e7\u00e3o dos muros existentes entre a Rua Jaguar\u00e3o e a Rua Pedro Geraldo dos Santos e a constru\u00e7\u00e3o de uma nova estrutura no local. A obra vai contar com funda\u00e7\u00f5es em micro estaca e alvenaria com bloco de concreto grauteado. Al\u00e9m disso, v\u00e3o ser executados tamb\u00e9m, os servi\u00e7os complementares de drenagem, acabamento com chapisco, reboco e pintura. A Secret\u00e1ria de Educa\u00e7\u00e3o e Cultura, Lires Zimmermann, destacou que o objetivo \u00e9 promover melhores condi\u00e7\u00f5es para a escola, garantindo mais seguran\u00e7a aos alunos, professores e demais profissionais da educa\u00e7\u00e3o, \u201cO Governo Municipal tem priorizado e investido na educa\u00e7\u00e3o. Temos diversas obras em andamento, de novas escolas, reformas e melhorias. Tudo isso, pensando sempre em oferecer um cuidado integral e um atendimento qualificados para os nossos alunos\u201d.<\/p>\n\n\n\n<p>O prazo de execu\u00e7\u00e3o \u00e9 de 120 dias corridos, conforme o contrato. Ao todo, v\u00e3o ser investidos: R$ 148.963,74 de recursos pr\u00f3prios do munic\u00edpio. Estavam presentes no ato de assinatura, o profissional designado para fiscaliza\u00e7\u00e3o da obra, Engenheiro Civil, Guilherme Eduardo Riffel e representantes da Brabol Arquitetura e Constru\u00e7\u00f5es Ltda, empresa respons\u00e1vel pela execu\u00e7\u00e3o do servi\u00e7o.<\/p>\n","protected":false},"excerpt":{"rendered":"<p>A Escola Municipal de Ensino Fundamental Nossa Senhora de F\u00e1tima vai ser beneficiada com a constru\u00e7\u00e3o de novos muros. O<\/p>\n","protected":false},"author":6,"featured_media":6506,"comment_status":"closed","ping_status":"closed","sticky":false,"template":"","format":"standard","meta":{"footnotes":""},"categories":[4,18],"tags":[],"class_list":["post-6504","post","type-post","status-publish","format-standard","has-post-thumbnail","hentry","category-noticias","category-secretaria-municipal-de-educacao-e-cultura"],"aioseo_notices":[],"_links":{"self":[{"href":"https:\/\/prefeitura.santarosa.rs.gov.br\/index.php?rest_route=\/wp\/v2\/posts\/6504","targetHints":{"allow":["GET"]}}],"collection":[{"href":"https:\/\/prefeitura.santarosa.rs.gov.br\/index.php?rest_route=\/wp\/v2\/posts"}],"about":[{"href":"https:\/\/prefeitura.santarosa.rs.gov.br\/index.php?rest_route=\/wp\/v2\/types\/post"}],"author":[{"embeddable":true,"href":"https:\/\/prefeitura.santarosa.rs.gov.br\/index.php?rest_route=\/wp\/v2\/users\/6"}],"replies":[{"embeddable":true,"href":"https:\/\/prefeitura.santarosa.rs.gov.br\/index.php?rest_route=%2Fwp%2Fv2%2Fcomments&post=6504"}],"version-history":[{"count":1,"href":"https:\/\/prefeitura.santarosa.rs.gov.br\/index.php?rest_route=\/wp\/v2\/posts\/6504\/revisions"}],"predecessor-version":[{"id":6507,"href":"https:\/\/prefeitura.santarosa.rs.gov.br\/index.php?rest_route=\/wp\/v2\/posts\/6504\/revisions\/6507"}],"wp:featuredmedia":[{"embeddable":true,"href":"https:\/\/prefeitura.santarosa.rs.gov.br\/index.php?rest_route=\/wp\/v2\/media\/6506"}],"wp:attachment":[{"href":"https:\/\/prefeitura.santarosa.rs.gov.br\/index.php?rest_route=%2Fwp%2Fv2%2Fmedia&parent=6504"}],"wp:term":[{"taxonomy":"category","embeddable":true,"href":"https:\/\/prefeitura.santarosa.rs.gov.br\/index.php?rest_route=%2Fwp%2Fv2%2Fcategories&post=6504"},{"taxonomy":"post_tag","embeddable":true,"href":"https:\/\/prefeitura.santarosa.rs.gov.br\/index.php?rest_route=%2Fwp%2Fv2%2Ftags&post=6504"}],"curies":[{"name":"wp","href":"https:\/\/api.w.org\/{rel}","templated":true}]}}