{"id":6297,"date":"2023-03-23T17:27:15","date_gmt":"2023-03-23T20:27:15","guid":{"rendered":"https:\/\/prefeitura.santarosa.rs.gov.br\/?p=6297"},"modified":"2024-10-07T09:53:34","modified_gmt":"2024-10-07T12:53:34","slug":"prefeito-participa-de-evento-para-cidades-inteligentes-no-maranhao","status":"publish","type":"post","link":"https:\/\/prefeitura.santarosa.rs.gov.br\/?p=6297","title":{"rendered":"Prefeito participa de evento para Cidades Inteligentes, no Maranh\u00e3o"},"content":{"rendered":"\n<p><\/p>\n\n\n\n<figure class=\"wp-block-image size-full\"><img fetchpriority=\"high\" decoding=\"async\" width=\"860\" height=\"645\" src=\"https:\/\/prefeitura.santarosa.rs.gov.br\/wp-content\/uploads\/2023\/03\/Formato-Site-e-Portal-860X645-JPG-2023-03-23T170259.087.jpg\" alt=\"\" class=\"wp-image-6298\" srcset=\"https:\/\/prefeitura.santarosa.rs.gov.br\/wp-content\/uploads\/2023\/03\/Formato-Site-e-Portal-860X645-JPG-2023-03-23T170259.087.jpg 860w, https:\/\/prefeitura.santarosa.rs.gov.br\/wp-content\/uploads\/2023\/03\/Formato-Site-e-Portal-860X645-JPG-2023-03-23T170259.087-300x225.jpg 300w, https:\/\/prefeitura.santarosa.rs.gov.br\/wp-content\/uploads\/2023\/03\/Formato-Site-e-Portal-860X645-JPG-2023-03-23T170259.087-768x576.jpg 768w\" sizes=\"(max-width: 860px) 100vw, 860px\" \/><\/figure>\n\n\n\n<p>A Prefeitura de Santa Rosa, representada pelo Prefeito, Anderson Mantei, participa nesta semana de um evento sobre Cidades Inteligentes. As atividades est\u00e3o sendo realizadas em S\u00e3o Lu\u00eds, no Maranh\u00e3o. O Smart Gov Nordeste tem como objetivo o compartilhamento de conhecimentos sobre os impactos da transforma\u00e7\u00e3o digital no desenvolvimento das cidades e seus mun\u00edcipes.<\/p>\n\n\n\n<p><\/p>\n\n\n\n<p>O evento \u00e9 promovido pela ANCITI \u2013 Associa\u00e7\u00e3o Nacional das Cidades Inteligentes, Tecnol\u00f3gicas e Inovadoras e tem como ideia reunir gestores p\u00fablicos do pa\u00eds para debater projetos inovadores e solu\u00e7\u00f5es para melhoria dos servi\u00e7os. O Prefeito Anderson Mantei que participa das atividades destacou o quanto est\u00e1 sendo importante esse evento, \u201cTudo que existe\u00a0hoje\u00a0em aproveitamento de tecnologias para avan\u00e7os nos munic\u00edpios est\u00e1 sendo exposto aqui. N\u00f3s temos que estar sempre atentos ao que est\u00e1 acontecendo e a partir disso ver as possibilidades de avan\u00e7o que podemos adequar para nossa cidade e regi\u00e3o\u201d.<\/p>\n\n\n\n<p><\/p>\n\n\n\n<p>O evento desse ano tem como tema \u201cOs impactos da Transforma\u00e7\u00e3o Digital no Desenvolvimento das Cidades e dos Cidad\u00e3os\u201d. Entre os assuntos que est\u00e3o sendo tratados est\u00e1: a transforma\u00e7\u00e3o Digital no bem-estar e na qualidade de vida dos cidad\u00e3os, o uso da intelig\u00eancia artificial na Gest\u00e3o P\u00fablica, os mecanismos tecnol\u00f3gicos de desenvolvimento social e toda a transforma\u00e7\u00e3o que vem ocorrendo nos munic\u00edpios atrav\u00e9s da tecnologia. Muitos cases como de Geotecnologias aplicadas \u00e0 gest\u00e3o territorial, Rio + Digital, Prefeitura papel zero, entre outros est\u00e3o sendo apresentados.<\/p>\n\n\n\n<p><\/p>\n\n\n\n<p>A transpar\u00eancia na gest\u00e3o com indicadores tamb\u00e9m foi pauta, \u201cNesse ponto fico feliz em ver que n\u00f3s j\u00e1 avan\u00e7amos muito quanto a gest\u00e3o com planejamento estrat\u00e9gico e com direcionamento de nossas a\u00e7\u00f5es voltadas para o desenvolvimento. Temos indicadores&nbsp;hoje&nbsp;em todas as \u00e1reas e um suporte muito maior para podermos avan\u00e7ar com o crescimento organizacional de nossa cidade\u201d, destaca Anderson. A Educa\u00e7\u00e3o Digital e os programas voltados para os jovens do futuro tamb\u00e9m foram temas bastante tratados. O evento re\u00fane gestores de todo o pa\u00eds.<\/p>\n","protected":false},"excerpt":{"rendered":"<p>A Prefeitura de Santa Rosa, representada pelo Prefeito, Anderson Mantei, participa nesta semana de um evento sobre Cidades Inteligentes. As<\/p>\n","protected":false},"author":5,"featured_media":6299,"comment_status":"open","ping_status":"open","sticky":false,"template":"","format":"standard","meta":{"footnotes":""},"categories":[4,3],"tags":[],"class_list":["post-6297","post","type-post","status-publish","format-standard","has-post-thumbnail","hentry","category-noticias","category-gabinete-do-prefeito"],"aioseo_notices":[],"_links":{"self":[{"href":"https:\/\/prefeitura.santarosa.rs.gov.br\/index.php?rest_route=\/wp\/v2\/posts\/6297","targetHints":{"allow":["GET"]}}],"collection":[{"href":"https:\/\/prefeitura.santarosa.rs.gov.br\/index.php?rest_route=\/wp\/v2\/posts"}],"about":[{"href":"https:\/\/prefeitura.santarosa.rs.gov.br\/index.php?rest_route=\/wp\/v2\/types\/post"}],"author":[{"embeddable":true,"href":"https:\/\/prefeitura.santarosa.rs.gov.br\/index.php?rest_route=\/wp\/v2\/users\/5"}],"replies":[{"embeddable":true,"href":"https:\/\/prefeitura.santarosa.rs.gov.br\/index.php?rest_route=%2Fwp%2Fv2%2Fcomments&post=6297"}],"version-history":[{"count":1,"href":"https:\/\/prefeitura.santarosa.rs.gov.br\/index.php?rest_route=\/wp\/v2\/posts\/6297\/revisions"}],"predecessor-version":[{"id":6300,"href":"https:\/\/prefeitura.santarosa.rs.gov.br\/index.php?rest_route=\/wp\/v2\/posts\/6297\/revisions\/6300"}],"wp:featuredmedia":[{"embeddable":true,"href":"https:\/\/prefeitura.santarosa.rs.gov.br\/index.php?rest_route=\/wp\/v2\/media\/6299"}],"wp:attachment":[{"href":"https:\/\/prefeitura.santarosa.rs.gov.br\/index.php?rest_route=%2Fwp%2Fv2%2Fmedia&parent=6297"}],"wp:term":[{"taxonomy":"category","embeddable":true,"href":"https:\/\/prefeitura.santarosa.rs.gov.br\/index.php?rest_route=%2Fwp%2Fv2%2Fcategories&post=6297"},{"taxonomy":"post_tag","embeddable":true,"href":"https:\/\/prefeitura.santarosa.rs.gov.br\/index.php?rest_route=%2Fwp%2Fv2%2Ftags&post=6297"}],"curies":[{"name":"wp","href":"https:\/\/api.w.org\/{rel}","templated":true}]}}