{"id":6270,"date":"2023-03-21T16:15:40","date_gmt":"2023-03-21T19:15:40","guid":{"rendered":"https:\/\/prefeitura.santarosa.rs.gov.br\/?p=6270"},"modified":"2024-10-07T09:53:34","modified_gmt":"2024-10-07T12:53:34","slug":"fundacao-de-saude-recebe-novo-veiculo","status":"publish","type":"post","link":"https:\/\/prefeitura.santarosa.rs.gov.br\/?p=6270","title":{"rendered":"Funda\u00e7\u00e3o de Sa\u00fade recebe novo ve\u00edculo"},"content":{"rendered":"\n<figure class=\"wp-block-image size-full\"><img fetchpriority=\"high\" decoding=\"async\" width=\"860\" height=\"645\" src=\"https:\/\/prefeitura.santarosa.rs.gov.br\/wp-content\/uploads\/2023\/03\/Formato-Site-e-Portal-860X645-JPG-2023-03-21T152700.752.jpg\" alt=\"\" class=\"wp-image-6271\" srcset=\"https:\/\/prefeitura.santarosa.rs.gov.br\/wp-content\/uploads\/2023\/03\/Formato-Site-e-Portal-860X645-JPG-2023-03-21T152700.752.jpg 860w, https:\/\/prefeitura.santarosa.rs.gov.br\/wp-content\/uploads\/2023\/03\/Formato-Site-e-Portal-860X645-JPG-2023-03-21T152700.752-300x225.jpg 300w, https:\/\/prefeitura.santarosa.rs.gov.br\/wp-content\/uploads\/2023\/03\/Formato-Site-e-Portal-860X645-JPG-2023-03-21T152700.752-768x576.jpg 768w\" sizes=\"(max-width: 860px) 100vw, 860px\" \/><\/figure>\n\n\n\n<p><br>A Funda\u00e7\u00e3o Municipal de Sa\u00fade tem uma frota de 34 ve\u00edculos. S\u00e3o realizados\u00a0 transportes de pacientes do SUS e tamb\u00e9m para quest\u00f5es administrativas. Nesta semana, foi recebido um Fiat\/Crohnos. O autom\u00f3vel foi adquirido com recursos obtidos atrav\u00e9s de dois leil\u00f5es realizados em 2022.<\/p>\n\n\n\n<p>Na oportunidade, foram vendidos diversos ve\u00edculos e equipamentos que n\u00e3o apresentavam\u00a0 mais condi\u00e7\u00f5es de uso. Com esse recurso foi adquirido o novo ve\u00edculo, \u201cEstamos sempre cuidando da manuten\u00e7\u00e3o da frota da Funda\u00e7\u00e3o, temos muita demanda e precisamos estar com ve\u00edculos em condi\u00e7\u00f5es para um transporte seguro e de qualidade\u201d, destaca D\u00e9lcio Stefan. <\/p>\n\n\n\n<p>O ve\u00edculo foi adquirido atrav\u00e9s de Preg\u00e3o Eletr\u00f4nico. Em Santa Rosa a m\u00e9dia \u00e9 de 1.100 transportes por m\u00eas, e fora da cidade s\u00e3o realizados cerca de 150 por m\u00eas.<\/p>\n","protected":false},"excerpt":{"rendered":"<p>A Funda\u00e7\u00e3o Municipal de Sa\u00fade tem uma frota de 34 ve\u00edculos. S\u00e3o realizados\u00a0 transportes de pacientes do SUS e tamb\u00e9m<\/p>\n","protected":false},"author":5,"featured_media":6273,"comment_status":"open","ping_status":"open","sticky":false,"template":"","format":"standard","meta":{"footnotes":""},"categories":[4,8],"tags":[],"class_list":["post-6270","post","type-post","status-publish","format-standard","has-post-thumbnail","hentry","category-noticias","category-noticias-fumssar"],"aioseo_notices":[],"_links":{"self":[{"href":"https:\/\/prefeitura.santarosa.rs.gov.br\/index.php?rest_route=\/wp\/v2\/posts\/6270","targetHints":{"allow":["GET"]}}],"collection":[{"href":"https:\/\/prefeitura.santarosa.rs.gov.br\/index.php?rest_route=\/wp\/v2\/posts"}],"about":[{"href":"https:\/\/prefeitura.santarosa.rs.gov.br\/index.php?rest_route=\/wp\/v2\/types\/post"}],"author":[{"embeddable":true,"href":"https:\/\/prefeitura.santarosa.rs.gov.br\/index.php?rest_route=\/wp\/v2\/users\/5"}],"replies":[{"embeddable":true,"href":"https:\/\/prefeitura.santarosa.rs.gov.br\/index.php?rest_route=%2Fwp%2Fv2%2Fcomments&post=6270"}],"version-history":[{"count":1,"href":"https:\/\/prefeitura.santarosa.rs.gov.br\/index.php?rest_route=\/wp\/v2\/posts\/6270\/revisions"}],"predecessor-version":[{"id":6274,"href":"https:\/\/prefeitura.santarosa.rs.gov.br\/index.php?rest_route=\/wp\/v2\/posts\/6270\/revisions\/6274"}],"wp:featuredmedia":[{"embeddable":true,"href":"https:\/\/prefeitura.santarosa.rs.gov.br\/index.php?rest_route=\/wp\/v2\/media\/6273"}],"wp:attachment":[{"href":"https:\/\/prefeitura.santarosa.rs.gov.br\/index.php?rest_route=%2Fwp%2Fv2%2Fmedia&parent=6270"}],"wp:term":[{"taxonomy":"category","embeddable":true,"href":"https:\/\/prefeitura.santarosa.rs.gov.br\/index.php?rest_route=%2Fwp%2Fv2%2Fcategories&post=6270"},{"taxonomy":"post_tag","embeddable":true,"href":"https:\/\/prefeitura.santarosa.rs.gov.br\/index.php?rest_route=%2Fwp%2Fv2%2Ftags&post=6270"}],"curies":[{"name":"wp","href":"https:\/\/api.w.org\/{rel}","templated":true}]}}