{"id":627,"date":"2021-12-06T18:27:00","date_gmt":"2021-12-06T21:27:00","guid":{"rendered":"https:\/\/prefeitura.santarosa.rs.gov.br\/?p=627"},"modified":"2024-10-07T09:54:41","modified_gmt":"2024-10-07T12:54:41","slug":"prefeito-doa-salario-para-a-associacao-de-moradores-da-vila-bom-sucesso","status":"publish","type":"post","link":"https:\/\/prefeitura.santarosa.rs.gov.br\/?p=627","title":{"rendered":"Prefeito doa sal\u00e1rio para a Associa\u00e7\u00e3o de Moradores da Vila Bom Sucesso"},"content":{"rendered":"\n<p>A inten\u00e7\u00e3o da entidade \u00e9 utilizar o recurso para concluir as obras da constru\u00e7\u00e3o de um Centro Comunit\u00e1rio.<\/p>\n\n\n\n<p>O Prefeito Anderson Mantei realizou a doa\u00e7\u00e3o de mais um sal\u00e1rio. O valor de R$ 16.529,29 foi destinado para a Associa\u00e7\u00e3o de Moradores da Vila Bom Sucesso que encaminhou projeto solicitando a doa\u00e7\u00e3o. A inten\u00e7\u00e3o da entidade \u00e9 utilizar o recurso para concluir as obras da constru\u00e7\u00e3o de um Centro Comunit\u00e1rio.<\/p>\n\n\n\n<p>O Centro Comunit\u00e1rio vai ser utilizado pelos moradores e associados para as mais diversas atividades, como confraterniza\u00e7\u00f5es, realiza\u00e7\u00e3o de oficinas e cursos, encontros de integra\u00e7\u00e3o, entre outras. O in\u00edcio da constru\u00e7\u00e3o aconteceu por meio da ajuda de volunt\u00e1rios e doa\u00e7\u00f5es, por\u00e9m n\u00e3o foi poss\u00edvel terminar a obra. Com esse novo investimento, a associa\u00e7\u00e3o vai conseguir executar a parte el\u00e9trica, hidr\u00e1ulica, o contra piso e reboco das paredes. A constru\u00e7\u00e3o est\u00e1 sendo realizada em forma de mutir\u00e3o.<\/p>\n\n\n\n<p>O presidente da Associa\u00e7\u00e3o, \u00c9lio Josoe Soares de Lima, agradeceu o prefeito e destacou a import\u00e2ncia da destina\u00e7\u00e3o do valor para a entidade, \u201cEste recurso \u00e9 muito importante para a associa\u00e7\u00e3o, pois vamos enfim, conseguir concluir o centro comunit\u00e1rio para atender as demandas dos associados e moradores da vila Bom Sucesso\u201d. A Associa\u00e7\u00e3o de Moradores da Vila Bom Sucesso possui uma popula\u00e7\u00e3o aproximada de 400 pessoas, sendo que destes, 70% s\u00e3o associados da institui\u00e7\u00e3o e v\u00e3o poder usufruir do Centro Comunit\u00e1rio.<\/p>\n\n\n\n<p>J\u00e1 foram contemplados com a destina\u00e7\u00e3o do sal\u00e1rio do prefeito Anderson Mantei, os projetos da AFAPENE, APADA, Pol\u00edcia Rodovi\u00e1ria Estadual, Associa\u00e7\u00e3o da Vila Agr\u00edcola, Associa\u00e7\u00e3o da Vila Balne\u00e1ria e Pastoral da Crian\u00e7a.<\/p>\n","protected":false},"excerpt":{"rendered":"<p>A inten\u00e7\u00e3o da entidade \u00e9 utilizar o recurso para concluir as obras da constru\u00e7\u00e3o de um Centro Comunit\u00e1rio. O Prefeito<\/p>\n","protected":false},"author":3,"featured_media":628,"comment_status":"open","ping_status":"open","sticky":false,"template":"","format":"standard","meta":{"footnotes":""},"categories":[4,3],"tags":[],"class_list":["post-627","post","type-post","status-publish","format-standard","has-post-thumbnail","hentry","category-noticias","category-gabinete-do-prefeito"],"aioseo_notices":[],"_links":{"self":[{"href":"https:\/\/prefeitura.santarosa.rs.gov.br\/index.php?rest_route=\/wp\/v2\/posts\/627","targetHints":{"allow":["GET"]}}],"collection":[{"href":"https:\/\/prefeitura.santarosa.rs.gov.br\/index.php?rest_route=\/wp\/v2\/posts"}],"about":[{"href":"https:\/\/prefeitura.santarosa.rs.gov.br\/index.php?rest_route=\/wp\/v2\/types\/post"}],"author":[{"embeddable":true,"href":"https:\/\/prefeitura.santarosa.rs.gov.br\/index.php?rest_route=\/wp\/v2\/users\/3"}],"replies":[{"embeddable":true,"href":"https:\/\/prefeitura.santarosa.rs.gov.br\/index.php?rest_route=%2Fwp%2Fv2%2Fcomments&post=627"}],"version-history":[{"count":1,"href":"https:\/\/prefeitura.santarosa.rs.gov.br\/index.php?rest_route=\/wp\/v2\/posts\/627\/revisions"}],"predecessor-version":[{"id":629,"href":"https:\/\/prefeitura.santarosa.rs.gov.br\/index.php?rest_route=\/wp\/v2\/posts\/627\/revisions\/629"}],"wp:featuredmedia":[{"embeddable":true,"href":"https:\/\/prefeitura.santarosa.rs.gov.br\/index.php?rest_route=\/wp\/v2\/media\/628"}],"wp:attachment":[{"href":"https:\/\/prefeitura.santarosa.rs.gov.br\/index.php?rest_route=%2Fwp%2Fv2%2Fmedia&parent=627"}],"wp:term":[{"taxonomy":"category","embeddable":true,"href":"https:\/\/prefeitura.santarosa.rs.gov.br\/index.php?rest_route=%2Fwp%2Fv2%2Fcategories&post=627"},{"taxonomy":"post_tag","embeddable":true,"href":"https:\/\/prefeitura.santarosa.rs.gov.br\/index.php?rest_route=%2Fwp%2Fv2%2Ftags&post=627"}],"curies":[{"name":"wp","href":"https:\/\/api.w.org\/{rel}","templated":true}]}}