{"id":6263,"date":"2023-03-20T17:02:58","date_gmt":"2023-03-20T20:02:58","guid":{"rendered":"https:\/\/prefeitura.santarosa.rs.gov.br\/?p=6263"},"modified":"2024-10-07T09:53:34","modified_gmt":"2024-10-07T12:53:34","slug":"asfalto-no-interior-e-mais-obras-na-cidade","status":"publish","type":"post","link":"https:\/\/prefeitura.santarosa.rs.gov.br\/?p=6263","title":{"rendered":"Asfalto no interior e mais obras na cidade"},"content":{"rendered":"\n<figure class=\"wp-block-image size-full\"><img fetchpriority=\"high\" decoding=\"async\" width=\"860\" height=\"645\" src=\"https:\/\/prefeitura.santarosa.rs.gov.br\/wp-content\/uploads\/2023\/03\/Formato-Site-e-Portal-860X645-JPG-2023-03-20T165631.716.jpg\" alt=\"\" class=\"wp-image-6264\" srcset=\"https:\/\/prefeitura.santarosa.rs.gov.br\/wp-content\/uploads\/2023\/03\/Formato-Site-e-Portal-860X645-JPG-2023-03-20T165631.716.jpg 860w, https:\/\/prefeitura.santarosa.rs.gov.br\/wp-content\/uploads\/2023\/03\/Formato-Site-e-Portal-860X645-JPG-2023-03-20T165631.716-300x225.jpg 300w, https:\/\/prefeitura.santarosa.rs.gov.br\/wp-content\/uploads\/2023\/03\/Formato-Site-e-Portal-860X645-JPG-2023-03-20T165631.716-768x576.jpg 768w\" sizes=\"(max-width: 860px) 100vw, 860px\" \/><\/figure>\n\n\n\n<p><br>O interior est\u00e1 sendo contemplado com diversas obras de melhorias. Al\u00e9m de investimentos em pontes e cascalhamento, tamb\u00e9m est\u00e3o sendo realizados investimentos em asfalto. A Vila Sete&nbsp;de Setembro&nbsp;\u00e9 uma das contempladas, na localidade quatro trechos est\u00e3o recebendo asfalto.&nbsp;<\/p>\n\n\n\n<p><br>O vice-prefeito Aldemir Ulrich e o Engenheiro Maur\u00edcio Lenz estiveram vistoriando as obras, \u201cTemos investido muito no interior, j\u00e1 avan\u00e7amos em v\u00e1rias regi\u00f5es e vamos seguir com a\u00e7\u00f5es para oferecer mais infraestrutura para a popula\u00e7\u00e3o\u201d, destacou Aldemir. Na Vila Sete, uma \u00e1rea de 7.782,91 m\u00b2, est\u00e1 recebendo melhorias. Mais de R$ 1,3 milh\u00e3o est\u00e3o sendo investidos na obra. <\/p>\n\n\n\n<p>Os quatro trechos que est\u00e3o em obras de pavimenta\u00e7\u00e3o asf\u00e1ltica, s\u00e3o: sa\u00edda para a Linha&nbsp;15 de Novembro, sa\u00edda para a Linha Sete&nbsp;de Setembro&nbsp;Norte, sa\u00edda para a Cooperativa e a Rua Rodolfo D\u00f6ge, em frente \u00e0 Escola Estadual de Ensino M\u00e9dio Jos\u00e9 Alfredo Nedel.<br><\/p>\n\n\n\n<p>Nesta semana, as equipes contratadas v\u00e3o estar trabalhando no asfalto na Avenida Tuparendi, cal\u00e7amento no Paulino e nas ruas: Guilherme Lauerman, Finl\u00e2ndia, Pedro Camargo, Sinval Saldanha e Uruguai.<\/p>\n","protected":false},"excerpt":{"rendered":"<p>O interior est\u00e1 sendo contemplado com diversas obras de melhorias. Al\u00e9m de investimentos em pontes e cascalhamento, tamb\u00e9m est\u00e3o sendo<\/p>\n","protected":false},"author":5,"featured_media":6265,"comment_status":"open","ping_status":"open","sticky":false,"template":"","format":"standard","meta":{"footnotes":""},"categories":[4,22],"tags":[],"class_list":["post-6263","post","type-post","status-publish","format-standard","has-post-thumbnail","hentry","category-noticias","category-secretaria-municipal-de-planejamento-e-habitacao"],"aioseo_notices":[],"_links":{"self":[{"href":"https:\/\/prefeitura.santarosa.rs.gov.br\/index.php?rest_route=\/wp\/v2\/posts\/6263","targetHints":{"allow":["GET"]}}],"collection":[{"href":"https:\/\/prefeitura.santarosa.rs.gov.br\/index.php?rest_route=\/wp\/v2\/posts"}],"about":[{"href":"https:\/\/prefeitura.santarosa.rs.gov.br\/index.php?rest_route=\/wp\/v2\/types\/post"}],"author":[{"embeddable":true,"href":"https:\/\/prefeitura.santarosa.rs.gov.br\/index.php?rest_route=\/wp\/v2\/users\/5"}],"replies":[{"embeddable":true,"href":"https:\/\/prefeitura.santarosa.rs.gov.br\/index.php?rest_route=%2Fwp%2Fv2%2Fcomments&post=6263"}],"version-history":[{"count":2,"href":"https:\/\/prefeitura.santarosa.rs.gov.br\/index.php?rest_route=\/wp\/v2\/posts\/6263\/revisions"}],"predecessor-version":[{"id":6268,"href":"https:\/\/prefeitura.santarosa.rs.gov.br\/index.php?rest_route=\/wp\/v2\/posts\/6263\/revisions\/6268"}],"wp:featuredmedia":[{"embeddable":true,"href":"https:\/\/prefeitura.santarosa.rs.gov.br\/index.php?rest_route=\/wp\/v2\/media\/6265"}],"wp:attachment":[{"href":"https:\/\/prefeitura.santarosa.rs.gov.br\/index.php?rest_route=%2Fwp%2Fv2%2Fmedia&parent=6263"}],"wp:term":[{"taxonomy":"category","embeddable":true,"href":"https:\/\/prefeitura.santarosa.rs.gov.br\/index.php?rest_route=%2Fwp%2Fv2%2Fcategories&post=6263"},{"taxonomy":"post_tag","embeddable":true,"href":"https:\/\/prefeitura.santarosa.rs.gov.br\/index.php?rest_route=%2Fwp%2Fv2%2Ftags&post=6263"}],"curies":[{"name":"wp","href":"https:\/\/api.w.org\/{rel}","templated":true}]}}