{"id":6245,"date":"2023-03-16T16:34:00","date_gmt":"2023-03-16T19:34:00","guid":{"rendered":"https:\/\/prefeitura.santarosa.rs.gov.br\/?p=6245"},"modified":"2024-10-07T09:53:34","modified_gmt":"2024-10-07T12:53:34","slug":"metade-dos-contribuintes-pagaram-o-iptu-em-quota-unica","status":"publish","type":"post","link":"https:\/\/prefeitura.santarosa.rs.gov.br\/?p=6245","title":{"rendered":"Metade dos Contribuintes pagaram o IPTU em Quota \u00danica"},"content":{"rendered":"\n<figure class=\"wp-block-image size-full\"><img fetchpriority=\"high\" decoding=\"async\" width=\"860\" height=\"645\" src=\"https:\/\/prefeitura.santarosa.rs.gov.br\/wp-content\/uploads\/2023\/03\/Formato-Site-e-Portal-860X645-JPG-2023-03-16T162714.263.jpg\" alt=\"\" class=\"wp-image-6246\" srcset=\"https:\/\/prefeitura.santarosa.rs.gov.br\/wp-content\/uploads\/2023\/03\/Formato-Site-e-Portal-860X645-JPG-2023-03-16T162714.263.jpg 860w, https:\/\/prefeitura.santarosa.rs.gov.br\/wp-content\/uploads\/2023\/03\/Formato-Site-e-Portal-860X645-JPG-2023-03-16T162714.263-300x225.jpg 300w, https:\/\/prefeitura.santarosa.rs.gov.br\/wp-content\/uploads\/2023\/03\/Formato-Site-e-Portal-860X645-JPG-2023-03-16T162714.263-768x576.jpg 768w\" sizes=\"(max-width: 860px) 100vw, 860px\" \/><\/figure>\n\n\n\n<p><br>Metade dos contribuintes pagaram o IPTU \u2013Imposto Sobre Propriedade Predial e Territorial Urbana \u00e0 vista. Conforme o levantamento realizado pela Secretaria de Fazenda, 14.826 contribuintes efetuaram o pagamento em quota \u00fanica neste ano.\u00a0<\/p>\n\n\n\n<p><br>Considerando que foram emitidos pouco mais de 37 mil carn\u00eas, a previs\u00e3o \u00e9 de que mais de 29.900 contribuintes mantenham o IPTU em dia at\u00e9 o final do ano. Assim os contribuintes que pagaram em quota \u00fanica representam a metade deste n\u00famero. O vencimento da quota \u00fanica e da primeira parcela ocorreu na\u00a0sexta-feira (10). Para aqueles que optaram pelo pagamento parcelado, ser\u00e3o mais 06 parcelas, conforme calend\u00e1rio abaixo, sendo que a pr\u00f3xima vence no dia\u00a014 de abril.<\/p>\n\n\n\n<p><br>O Secret\u00e1rio de Administra\u00e7\u00e3o e Fazenda, Andr\u00e9 St\u00fcrmer, alerta que o IPTU \u00e9 uma verba extremamente importante para as finan\u00e7as do munic\u00edpio, assim como para a viabiliza\u00e7\u00e3o de recebimento de emendas parlamentares, \u201cComo o recurso entra no caixa livre do munic\u00edpio, os valores podem ser utilizados como contrapartida para os repasses, viabilizando a realiza\u00e7\u00e3o de mais obras. Al\u00e9m disso, pode ser aplicado em outros investimentos voltados ao bem-estar da popula\u00e7\u00e3o\u201d.<\/p>\n\n\n\n<p><br>Somando os valores arrecadados em quota \u00fanica e com o pagamento da primeira parcela, o munic\u00edpio recebeu at\u00e9 o momento, o valor de R$\u00a0<a href=\"callto:18.087.790,81\">18.087.790,81<\/a>. Os contribuintes que n\u00e3o realizaram o pagamento at\u00e9 a data do vencimento inicial n\u00e3o podem mais optar pela quota \u00fanica. J\u00e1 aqueles que n\u00e3o efetuaram o pagamento da primeira parcela, ainda podem realizar o pagamento, por\u00e9m, com multa, juros e corre\u00e7\u00e3o monet\u00e1ria.<\/p>\n\n\n\n<p><\/p>\n\n\n\n<p>Confira as datas de vencimento das pr\u00f3ximas parcelas:<\/p>\n\n\n\n<p>2\u00aa parcela \u2013\u00a014 de abril<\/p>\n\n\n\n<p>3\u00aa parcela \u2013\u00a012 de maio<\/p>\n\n\n\n<p>4\u00aa parcela \u2013\u00a009 de junho<\/p>\n\n\n\n<p>5\u00aa Parcela \u2013\u00a014 de julho<\/p>\n\n\n\n<p>6\u00aa parcela \u2013\u00a011 de agosto<\/p>\n\n\n\n<p>7\u00aa parcela &#8211;\u00a008 de setembro<\/p>\n","protected":false},"excerpt":{"rendered":"<p>Metade dos contribuintes pagaram o IPTU \u2013Imposto Sobre Propriedade Predial e Territorial Urbana \u00e0 vista. Conforme o levantamento realizado pela<\/p>\n","protected":false},"author":5,"featured_media":6247,"comment_status":"open","ping_status":"open","sticky":false,"template":"","format":"standard","meta":{"footnotes":""},"categories":[4,13],"tags":[],"class_list":["post-6245","post","type-post","status-publish","format-standard","has-post-thumbnail","hentry","category-noticias","category-secretaria-municipal-de-administracao-e-fazenda"],"aioseo_notices":[],"_links":{"self":[{"href":"https:\/\/prefeitura.santarosa.rs.gov.br\/index.php?rest_route=\/wp\/v2\/posts\/6245","targetHints":{"allow":["GET"]}}],"collection":[{"href":"https:\/\/prefeitura.santarosa.rs.gov.br\/index.php?rest_route=\/wp\/v2\/posts"}],"about":[{"href":"https:\/\/prefeitura.santarosa.rs.gov.br\/index.php?rest_route=\/wp\/v2\/types\/post"}],"author":[{"embeddable":true,"href":"https:\/\/prefeitura.santarosa.rs.gov.br\/index.php?rest_route=\/wp\/v2\/users\/5"}],"replies":[{"embeddable":true,"href":"https:\/\/prefeitura.santarosa.rs.gov.br\/index.php?rest_route=%2Fwp%2Fv2%2Fcomments&post=6245"}],"version-history":[{"count":1,"href":"https:\/\/prefeitura.santarosa.rs.gov.br\/index.php?rest_route=\/wp\/v2\/posts\/6245\/revisions"}],"predecessor-version":[{"id":6248,"href":"https:\/\/prefeitura.santarosa.rs.gov.br\/index.php?rest_route=\/wp\/v2\/posts\/6245\/revisions\/6248"}],"wp:featuredmedia":[{"embeddable":true,"href":"https:\/\/prefeitura.santarosa.rs.gov.br\/index.php?rest_route=\/wp\/v2\/media\/6247"}],"wp:attachment":[{"href":"https:\/\/prefeitura.santarosa.rs.gov.br\/index.php?rest_route=%2Fwp%2Fv2%2Fmedia&parent=6245"}],"wp:term":[{"taxonomy":"category","embeddable":true,"href":"https:\/\/prefeitura.santarosa.rs.gov.br\/index.php?rest_route=%2Fwp%2Fv2%2Fcategories&post=6245"},{"taxonomy":"post_tag","embeddable":true,"href":"https:\/\/prefeitura.santarosa.rs.gov.br\/index.php?rest_route=%2Fwp%2Fv2%2Ftags&post=6245"}],"curies":[{"name":"wp","href":"https:\/\/api.w.org\/{rel}","templated":true}]}}