{"id":6237,"date":"2023-03-16T09:47:10","date_gmt":"2023-03-16T12:47:10","guid":{"rendered":"https:\/\/prefeitura.santarosa.rs.gov.br\/?p=6237"},"modified":"2024-10-07T09:53:34","modified_gmt":"2024-10-07T12:53:34","slug":"alunos-da-rede-municipal-tem-acoes-voltadas-para-saude","status":"publish","type":"post","link":"https:\/\/prefeitura.santarosa.rs.gov.br\/?p=6237","title":{"rendered":"Alunos da Rede Municipal t\u00eam a\u00e7\u00f5es voltadas para sa\u00fade"},"content":{"rendered":"\n<figure class=\"wp-block-image size-full\"><img fetchpriority=\"high\" decoding=\"async\" width=\"860\" height=\"645\" src=\"https:\/\/prefeitura.santarosa.rs.gov.br\/wp-content\/uploads\/2023\/03\/Formato-Site-e-Portal-860X645-JPG-2023-03-16T092606.227.jpg\" alt=\"\" class=\"wp-image-6238\" srcset=\"https:\/\/prefeitura.santarosa.rs.gov.br\/wp-content\/uploads\/2023\/03\/Formato-Site-e-Portal-860X645-JPG-2023-03-16T092606.227.jpg 860w, https:\/\/prefeitura.santarosa.rs.gov.br\/wp-content\/uploads\/2023\/03\/Formato-Site-e-Portal-860X645-JPG-2023-03-16T092606.227-300x225.jpg 300w, https:\/\/prefeitura.santarosa.rs.gov.br\/wp-content\/uploads\/2023\/03\/Formato-Site-e-Portal-860X645-JPG-2023-03-16T092606.227-768x576.jpg 768w\" sizes=\"(max-width: 860px) 100vw, 860px\" \/><\/figure>\n\n\n\n<p><br>Sa\u00fade e Educa\u00e7\u00e3o atuando em conjunto. O Programa Sa\u00fade na Escola (PSE) \u00e9 uma iniciativa intersetorial entre a Secretaria de Educa\u00e7\u00e3o e Cultura e a Funda\u00e7\u00e3o Municipal da Sa\u00fade. Os alunos da rede municipal al\u00e9m dos conte\u00fados de sala de aula, tamb\u00e9m t\u00eam a\u00e7\u00f5es voltadas para a educa\u00e7\u00e3o em sa\u00fade. Nesta semana, foram entregues \u201cBocas Artesanais\u201d que v\u00e3o ser utilizadas pelas Escolas Municipais de Educa\u00e7\u00e3o Infantil para est\u00edmulos e aprendizagem sobre sa\u00fade bucal. As atividades v\u00e3o envolver 2.430 alunos.\u00a0<br><\/p>\n\n\n\n<p>\u00a0Prevenir doen\u00e7as,\u00a0ter\u00a0aten\u00e7\u00e3o para sa\u00fade e dos familiares e aprender a\u00e7\u00f5es do dia a dia que contribuem para qualidade de vida. O objetivo do Programa \u00e9 contribuir para a forma\u00e7\u00e3o integral dos alunos por meio de a\u00e7\u00f5es de promo\u00e7\u00e3o da sa\u00fade, de preven\u00e7\u00e3o de doen\u00e7as e agravos \u00e0 sa\u00fade e de aten\u00e7\u00e3o \u00e0 sa\u00fade.<\/p>\n\n\n\n<p><br>Segundo a Secret\u00e1ria de Educa\u00e7\u00e3o, Lires Zimmermann, \u201cA educa\u00e7\u00e3o para a sa\u00fade \u00e9 fundamental ser tratada dentro da escola, pois as crian\u00e7as e os jovens j\u00e1 devem\u00a0ter\u00a0uma cultura de se cuidar e cuidar dos seus pr\u00f3ximos. Nas escolas estamos sempre atentos \u00e0s necessidades e incluindo a\u00e7\u00f5es que possam contribuir para a promo\u00e7\u00e3o do desenvolvimento do aluno\u201d.\u00a0\u00a0<\/p>\n\n\n\n<p><br>Com o Programa s\u00e3o realizadas a\u00e7\u00f5es para o enfrentamento das vulnerabilidades que comprometem o pleno desenvolvimento de crian\u00e7as e adolescentes da rede p\u00fablica de ensino, por meio da articula\u00e7\u00e3o entre os profissionais de sa\u00fade da Aten\u00e7\u00e3o Prim\u00e1ria e dos profissionais da educa\u00e7\u00e3o nas escolas p\u00fablicas.<\/p>\n","protected":false},"excerpt":{"rendered":"<p>Sa\u00fade e Educa\u00e7\u00e3o atuando em conjunto. O Programa Sa\u00fade na Escola (PSE) \u00e9 uma iniciativa intersetorial entre a Secretaria de<\/p>\n","protected":false},"author":5,"featured_media":6239,"comment_status":"open","ping_status":"open","sticky":false,"template":"","format":"standard","meta":{"footnotes":""},"categories":[4,18],"tags":[],"class_list":["post-6237","post","type-post","status-publish","format-standard","has-post-thumbnail","hentry","category-noticias","category-secretaria-municipal-de-educacao-e-cultura"],"aioseo_notices":[],"_links":{"self":[{"href":"https:\/\/prefeitura.santarosa.rs.gov.br\/index.php?rest_route=\/wp\/v2\/posts\/6237","targetHints":{"allow":["GET"]}}],"collection":[{"href":"https:\/\/prefeitura.santarosa.rs.gov.br\/index.php?rest_route=\/wp\/v2\/posts"}],"about":[{"href":"https:\/\/prefeitura.santarosa.rs.gov.br\/index.php?rest_route=\/wp\/v2\/types\/post"}],"author":[{"embeddable":true,"href":"https:\/\/prefeitura.santarosa.rs.gov.br\/index.php?rest_route=\/wp\/v2\/users\/5"}],"replies":[{"embeddable":true,"href":"https:\/\/prefeitura.santarosa.rs.gov.br\/index.php?rest_route=%2Fwp%2Fv2%2Fcomments&post=6237"}],"version-history":[{"count":1,"href":"https:\/\/prefeitura.santarosa.rs.gov.br\/index.php?rest_route=\/wp\/v2\/posts\/6237\/revisions"}],"predecessor-version":[{"id":6240,"href":"https:\/\/prefeitura.santarosa.rs.gov.br\/index.php?rest_route=\/wp\/v2\/posts\/6237\/revisions\/6240"}],"wp:featuredmedia":[{"embeddable":true,"href":"https:\/\/prefeitura.santarosa.rs.gov.br\/index.php?rest_route=\/wp\/v2\/media\/6239"}],"wp:attachment":[{"href":"https:\/\/prefeitura.santarosa.rs.gov.br\/index.php?rest_route=%2Fwp%2Fv2%2Fmedia&parent=6237"}],"wp:term":[{"taxonomy":"category","embeddable":true,"href":"https:\/\/prefeitura.santarosa.rs.gov.br\/index.php?rest_route=%2Fwp%2Fv2%2Fcategories&post=6237"},{"taxonomy":"post_tag","embeddable":true,"href":"https:\/\/prefeitura.santarosa.rs.gov.br\/index.php?rest_route=%2Fwp%2Fv2%2Ftags&post=6237"}],"curies":[{"name":"wp","href":"https:\/\/api.w.org\/{rel}","templated":true}]}}