{"id":6233,"date":"2023-03-15T17:25:17","date_gmt":"2023-03-15T20:25:17","guid":{"rendered":"https:\/\/prefeitura.santarosa.rs.gov.br\/?p=6233"},"modified":"2024-10-07T09:53:34","modified_gmt":"2024-10-07T12:53:34","slug":"30a-feira-do-peixe-em-santa-rosa","status":"publish","type":"post","link":"https:\/\/prefeitura.santarosa.rs.gov.br\/?p=6233","title":{"rendered":"30\u00aa Feira do Peixe em Santa Rosa\u00a0"},"content":{"rendered":"\n<figure class=\"wp-block-image size-full\"><img fetchpriority=\"high\" decoding=\"async\" width=\"860\" height=\"645\" src=\"https:\/\/prefeitura.santarosa.rs.gov.br\/wp-content\/uploads\/2023\/03\/Formato-Site-e-Portal-860X645-JPG-2023-03-15T171001.410.jpg\" alt=\"\" class=\"wp-image-6234\" srcset=\"https:\/\/prefeitura.santarosa.rs.gov.br\/wp-content\/uploads\/2023\/03\/Formato-Site-e-Portal-860X645-JPG-2023-03-15T171001.410.jpg 860w, https:\/\/prefeitura.santarosa.rs.gov.br\/wp-content\/uploads\/2023\/03\/Formato-Site-e-Portal-860X645-JPG-2023-03-15T171001.410-300x225.jpg 300w, https:\/\/prefeitura.santarosa.rs.gov.br\/wp-content\/uploads\/2023\/03\/Formato-Site-e-Portal-860X645-JPG-2023-03-15T171001.410-768x576.jpg 768w\" sizes=\"(max-width: 860px) 100vw, 860px\" \/><\/figure>\n\n\n\n<p>A Prefeitura de Santa Rosa, atrav\u00e9s da Secretaria de Agricultura, a APRHOROSA \u2013 Associa\u00e7\u00e3o dos Produtores de Hortigranjeiros de Santa Rosa e a EMATER\/RS-Ascar s\u00e3o os organizadores da 30\u00aa Feira Municipal do Peixe 2023. O evento acontece no dia\u00a005 de abril, das 09h \u00e0s 19h, no Mercado P\u00fablico Eclair Moraginski.<\/p>\n\n\n\n<p><br>Durante a Feira v\u00e3o ser comercializados diferentes tipos de peixes, como: carpa capim, carpa h\u00fangara, prateada, cabe\u00e7a grande, cascudo, til\u00e1pia e outros. Os peixes podem ser encontrados vivos, frescos, inteiros ou j\u00e1 em fil\u00e9s. No dia\u00a029 de mar\u00e7o \u00e0s 9h na Emater ser\u00e1 realizada uma reuni\u00e3o, com os produtores interessados em participar.<\/p>\n\n\n\n<p><br>Na oportunidade, ser\u00e3o passadas orienta\u00e7\u00f5es sobre manejo e cuidados necess\u00e1rios para a exposi\u00e7\u00e3o dos peixes. O evento conta com o apoio da Alibem e Sicredi. Produtores interessados em expor peixes para venda, na 30\u00aa Feira do Peixe, podem entrar em contato com a Secretaria de Agricultura pelo telefone\u00a0<a href=\"callto:(55) 3511-5111\">(55) 3511-5111<\/a>\u00a0ou com a EMATER\/RS-Ascar.<\/p>\n","protected":false},"excerpt":{"rendered":"<p>A Prefeitura de Santa Rosa, atrav\u00e9s da Secretaria de Agricultura, a APRHOROSA \u2013 Associa\u00e7\u00e3o dos Produtores de Hortigranjeiros de Santa<\/p>\n","protected":false},"author":5,"featured_media":6235,"comment_status":"open","ping_status":"open","sticky":false,"template":"","format":"standard","meta":{"footnotes":""},"categories":[4,14],"tags":[],"class_list":["post-6233","post","type-post","status-publish","format-standard","has-post-thumbnail","hentry","category-noticias","category-secretaria-municipal-de-agricultura"],"aioseo_notices":[],"_links":{"self":[{"href":"https:\/\/prefeitura.santarosa.rs.gov.br\/index.php?rest_route=\/wp\/v2\/posts\/6233","targetHints":{"allow":["GET"]}}],"collection":[{"href":"https:\/\/prefeitura.santarosa.rs.gov.br\/index.php?rest_route=\/wp\/v2\/posts"}],"about":[{"href":"https:\/\/prefeitura.santarosa.rs.gov.br\/index.php?rest_route=\/wp\/v2\/types\/post"}],"author":[{"embeddable":true,"href":"https:\/\/prefeitura.santarosa.rs.gov.br\/index.php?rest_route=\/wp\/v2\/users\/5"}],"replies":[{"embeddable":true,"href":"https:\/\/prefeitura.santarosa.rs.gov.br\/index.php?rest_route=%2Fwp%2Fv2%2Fcomments&post=6233"}],"version-history":[{"count":1,"href":"https:\/\/prefeitura.santarosa.rs.gov.br\/index.php?rest_route=\/wp\/v2\/posts\/6233\/revisions"}],"predecessor-version":[{"id":6236,"href":"https:\/\/prefeitura.santarosa.rs.gov.br\/index.php?rest_route=\/wp\/v2\/posts\/6233\/revisions\/6236"}],"wp:featuredmedia":[{"embeddable":true,"href":"https:\/\/prefeitura.santarosa.rs.gov.br\/index.php?rest_route=\/wp\/v2\/media\/6235"}],"wp:attachment":[{"href":"https:\/\/prefeitura.santarosa.rs.gov.br\/index.php?rest_route=%2Fwp%2Fv2%2Fmedia&parent=6233"}],"wp:term":[{"taxonomy":"category","embeddable":true,"href":"https:\/\/prefeitura.santarosa.rs.gov.br\/index.php?rest_route=%2Fwp%2Fv2%2Fcategories&post=6233"},{"taxonomy":"post_tag","embeddable":true,"href":"https:\/\/prefeitura.santarosa.rs.gov.br\/index.php?rest_route=%2Fwp%2Fv2%2Ftags&post=6233"}],"curies":[{"name":"wp","href":"https:\/\/api.w.org\/{rel}","templated":true}]}}