{"id":6201,"date":"2023-03-13T15:50:11","date_gmt":"2023-03-13T18:50:11","guid":{"rendered":"https:\/\/prefeitura.santarosa.rs.gov.br\/?p=6201"},"modified":"2024-10-07T09:53:34","modified_gmt":"2024-10-07T12:53:34","slug":"secretaria-de-gestao-e-o-rh-lancam-mais-5-servicos-online","status":"publish","type":"post","link":"https:\/\/prefeitura.santarosa.rs.gov.br\/?p=6201","title":{"rendered":"Secretaria de Gest\u00e3o e o RH lan\u00e7am mais 5 servi\u00e7os online"},"content":{"rendered":"\n<figure class=\"wp-block-image size-full\"><img fetchpriority=\"high\" decoding=\"async\" width=\"860\" height=\"645\" src=\"https:\/\/prefeitura.santarosa.rs.gov.br\/wp-content\/uploads\/2023\/03\/Formato-Site-e-Portal-860X645-JPG-2023-03-13T153758.941.jpg\" alt=\"\" class=\"wp-image-6202\" srcset=\"https:\/\/prefeitura.santarosa.rs.gov.br\/wp-content\/uploads\/2023\/03\/Formato-Site-e-Portal-860X645-JPG-2023-03-13T153758.941.jpg 860w, https:\/\/prefeitura.santarosa.rs.gov.br\/wp-content\/uploads\/2023\/03\/Formato-Site-e-Portal-860X645-JPG-2023-03-13T153758.941-300x225.jpg 300w, https:\/\/prefeitura.santarosa.rs.gov.br\/wp-content\/uploads\/2023\/03\/Formato-Site-e-Portal-860X645-JPG-2023-03-13T153758.941-768x576.jpg 768w\" sizes=\"(max-width: 860px) 100vw, 860px\" \/><\/figure>\n\n\n\n<p><br>O projeto Prefeitura Digital continua avan\u00e7ando. Diversas a\u00e7\u00f5es est\u00e3o sendo implementadas para agilizar e tornar o servi\u00e7o p\u00fablico ainda mais qualificado. A partir da \u00faltima semana mais 5 servi\u00e7os online est\u00e3o dispon\u00edveis para os servidores municipais. A partir de agora, os servi\u00e7os de solicita\u00e7\u00f5es de adicional de escolaridade, adicional de tempo de servi\u00e7o, licen\u00e7a gestante, aux\u00edlio natalidade e solicita\u00e7\u00e3o de cart\u00e3o do vale-transporte ser\u00e3o solicitados pelo autoatendimento.<\/p>\n\n\n\n<p><br>O objetivo da Gest\u00e3o \u00e9 simplificar e facilitar cada vez mais o acesso online aos servi\u00e7os. O processo de melhoria cont\u00ednua que vem sendo implementado e faz parte da desburocratiza\u00e7\u00e3o da prefeitura, previsto no planejamento estrat\u00e9gico.<\/p>\n\n\n\n<p><br>Para a Diretora de RH, Margueidi Cunegatto, a evolu\u00e7\u00e3o dos processos digitais tem ajudado muito na agilidade, na organiza\u00e7\u00e3o do setor e tamb\u00e9m reflete diretamente na disponibilidade de tempo dos servidores, \u201cEstamos conseguindo planejar outras a\u00e7\u00f5es devido a agilidade destes processos j\u00e1 implementados. Temos aproximadamente 40 servi\u00e7os implantados no setor. O objetivo \u00e9\u00a0ter\u00a0um RH 100% digital.\u201d<\/p>\n\n\n\n<p><br>Para Ademir Rosa, Secret\u00e1rio de Governan\u00e7a e Gest\u00e3o, os servi\u00e7os implementados facilitam o preenchimento, pois s\u00e3o autoexplicativos e evita perda de tempo no preenchimento e principalmente nos deslocamentos dos servidores at\u00e9 o RH, \u201cTemos como prioridade as melhorias de processo. Estamos focados em atender e melhorar nossos servi\u00e7os, facilitando, simplificando as solicita\u00e7\u00f5es e oportunizando de forma online, que pode ser realizada em qualquer hor\u00e1rio e sem necessidade de vir at\u00e9 o RH\u201d. O secret\u00e1rio salienta ainda que todo o andamento do processo, pode ser acompanhado pelo servidor pelo autoatendimento e pelo atende.net. At\u00e9 o momento 247 servi\u00e7os s\u00e3o oferecidos de forma online na prefeitura.<\/p>\n","protected":false},"excerpt":{"rendered":"<p>O projeto Prefeitura Digital continua avan\u00e7ando. Diversas a\u00e7\u00f5es est\u00e3o sendo implementadas para agilizar e tornar o servi\u00e7o p\u00fablico ainda mais<\/p>\n","protected":false},"author":5,"featured_media":6203,"comment_status":"open","ping_status":"open","sticky":false,"template":"","format":"standard","meta":{"footnotes":""},"categories":[4,23],"tags":[],"class_list":["post-6201","post","type-post","status-publish","format-standard","has-post-thumbnail","hentry","category-noticias","category-secretaria-municipal-governanca-gestao"],"aioseo_notices":[],"_links":{"self":[{"href":"https:\/\/prefeitura.santarosa.rs.gov.br\/index.php?rest_route=\/wp\/v2\/posts\/6201","targetHints":{"allow":["GET"]}}],"collection":[{"href":"https:\/\/prefeitura.santarosa.rs.gov.br\/index.php?rest_route=\/wp\/v2\/posts"}],"about":[{"href":"https:\/\/prefeitura.santarosa.rs.gov.br\/index.php?rest_route=\/wp\/v2\/types\/post"}],"author":[{"embeddable":true,"href":"https:\/\/prefeitura.santarosa.rs.gov.br\/index.php?rest_route=\/wp\/v2\/users\/5"}],"replies":[{"embeddable":true,"href":"https:\/\/prefeitura.santarosa.rs.gov.br\/index.php?rest_route=%2Fwp%2Fv2%2Fcomments&post=6201"}],"version-history":[{"count":1,"href":"https:\/\/prefeitura.santarosa.rs.gov.br\/index.php?rest_route=\/wp\/v2\/posts\/6201\/revisions"}],"predecessor-version":[{"id":6204,"href":"https:\/\/prefeitura.santarosa.rs.gov.br\/index.php?rest_route=\/wp\/v2\/posts\/6201\/revisions\/6204"}],"wp:featuredmedia":[{"embeddable":true,"href":"https:\/\/prefeitura.santarosa.rs.gov.br\/index.php?rest_route=\/wp\/v2\/media\/6203"}],"wp:attachment":[{"href":"https:\/\/prefeitura.santarosa.rs.gov.br\/index.php?rest_route=%2Fwp%2Fv2%2Fmedia&parent=6201"}],"wp:term":[{"taxonomy":"category","embeddable":true,"href":"https:\/\/prefeitura.santarosa.rs.gov.br\/index.php?rest_route=%2Fwp%2Fv2%2Fcategories&post=6201"},{"taxonomy":"post_tag","embeddable":true,"href":"https:\/\/prefeitura.santarosa.rs.gov.br\/index.php?rest_route=%2Fwp%2Fv2%2Ftags&post=6201"}],"curies":[{"name":"wp","href":"https:\/\/api.w.org\/{rel}","templated":true}]}}