{"id":6175,"date":"2023-03-08T16:24:42","date_gmt":"2023-03-08T19:24:42","guid":{"rendered":"https:\/\/prefeitura.santarosa.rs.gov.br\/?p=6175"},"modified":"2024-10-07T09:53:34","modified_gmt":"2024-10-07T12:53:34","slug":"prefeito-anderson-prestigia-cerimonia-do-premio-trofeu-brasil-expodireto-2023","status":"publish","type":"post","link":"https:\/\/prefeitura.santarosa.rs.gov.br\/?p=6175","title":{"rendered":"Prefeito Anderson prestigia cerim\u00f4nia do pr\u00eamio Trof\u00e9u Brasil Expodireto 2023"},"content":{"rendered":"\n<figure class=\"wp-block-image size-full\"><img fetchpriority=\"high\" decoding=\"async\" width=\"860\" height=\"645\" src=\"https:\/\/prefeitura.santarosa.rs.gov.br\/wp-content\/uploads\/2023\/03\/Formato-Site-e-Portal-860X645-JPG-80.jpg\" alt=\"\" class=\"wp-image-6176\" srcset=\"https:\/\/prefeitura.santarosa.rs.gov.br\/wp-content\/uploads\/2023\/03\/Formato-Site-e-Portal-860X645-JPG-80.jpg 860w, https:\/\/prefeitura.santarosa.rs.gov.br\/wp-content\/uploads\/2023\/03\/Formato-Site-e-Portal-860X645-JPG-80-300x225.jpg 300w, https:\/\/prefeitura.santarosa.rs.gov.br\/wp-content\/uploads\/2023\/03\/Formato-Site-e-Portal-860X645-JPG-80-768x576.jpg 768w\" sizes=\"(max-width: 860px) 100vw, 860px\" \/><\/figure>\n\n\n\n<p>O Prefeito Anderson Mantei esteve em Carazinho, na Regi\u00e3o Norte do Estado, onde foi convidado para participar da cerim\u00f4nia de entrega do Trof\u00e9u Brasil Expodireto 2023. O evento foi realizado atrav\u00e9s de uma parceria entre a feira e a Rede Pampa de Comunica\u00e7\u00e3o e contou com a participa\u00e7\u00e3o de mais de mil pessoas. O objetivo principal foi valorizar as lideran\u00e7as, empresas e entidades ga\u00fachas e nacionais do agroneg\u00f3cio.<\/p>\n\n\n\n<p>Nesta edi\u00e7\u00e3o, receberam o trof\u00e9u 24 lideran\u00e7as, empresas ou institui\u00e7\u00f5es, em categorias como: Agroind\u00fastria Familiar, Tecnologia e Pesquisa, Destaque Internacional, Personalidade do Agro Ga\u00facho e Lideran\u00e7a Empresarial Nacional. \u201c\u00c9 uma honra poder participar de um ato t\u00e3o importante que destaca personalidades e empresas que vem promovendo um desenvolvimento atrav\u00e9s do agroneg\u00f3cio\u201d, destacou Anderson.<\/p>\n\n\n\n<p>Entre as autoridades presentes na cerim\u00f4nia, Anderson esteve com o prefeito de Carazinho, Milton Schmitz, prefeito de N\u00e3o-Me-Toque, Gilson dos Santos \u2013 Maninho, deputado estadual, Guilherme Pasin, com o Secret\u00e1rio de Desenvolvimento Econ\u00f4mico do RS, Ernani Polo e com o Ex-Governador do RS, Ranolfo Vieira J\u00fanior.<\/p>\n","protected":false},"excerpt":{"rendered":"<p>O Prefeito Anderson Mantei esteve em Carazinho, na Regi\u00e3o Norte do Estado, onde foi convidado para participar da cerim\u00f4nia de<\/p>\n","protected":false},"author":6,"featured_media":6177,"comment_status":"closed","ping_status":"closed","sticky":false,"template":"","format":"standard","meta":{"footnotes":""},"categories":[4,3],"tags":[],"class_list":["post-6175","post","type-post","status-publish","format-standard","has-post-thumbnail","hentry","category-noticias","category-gabinete-do-prefeito"],"aioseo_notices":[],"_links":{"self":[{"href":"https:\/\/prefeitura.santarosa.rs.gov.br\/index.php?rest_route=\/wp\/v2\/posts\/6175","targetHints":{"allow":["GET"]}}],"collection":[{"href":"https:\/\/prefeitura.santarosa.rs.gov.br\/index.php?rest_route=\/wp\/v2\/posts"}],"about":[{"href":"https:\/\/prefeitura.santarosa.rs.gov.br\/index.php?rest_route=\/wp\/v2\/types\/post"}],"author":[{"embeddable":true,"href":"https:\/\/prefeitura.santarosa.rs.gov.br\/index.php?rest_route=\/wp\/v2\/users\/6"}],"replies":[{"embeddable":true,"href":"https:\/\/prefeitura.santarosa.rs.gov.br\/index.php?rest_route=%2Fwp%2Fv2%2Fcomments&post=6175"}],"version-history":[{"count":1,"href":"https:\/\/prefeitura.santarosa.rs.gov.br\/index.php?rest_route=\/wp\/v2\/posts\/6175\/revisions"}],"predecessor-version":[{"id":6178,"href":"https:\/\/prefeitura.santarosa.rs.gov.br\/index.php?rest_route=\/wp\/v2\/posts\/6175\/revisions\/6178"}],"wp:featuredmedia":[{"embeddable":true,"href":"https:\/\/prefeitura.santarosa.rs.gov.br\/index.php?rest_route=\/wp\/v2\/media\/6177"}],"wp:attachment":[{"href":"https:\/\/prefeitura.santarosa.rs.gov.br\/index.php?rest_route=%2Fwp%2Fv2%2Fmedia&parent=6175"}],"wp:term":[{"taxonomy":"category","embeddable":true,"href":"https:\/\/prefeitura.santarosa.rs.gov.br\/index.php?rest_route=%2Fwp%2Fv2%2Fcategories&post=6175"},{"taxonomy":"post_tag","embeddable":true,"href":"https:\/\/prefeitura.santarosa.rs.gov.br\/index.php?rest_route=%2Fwp%2Fv2%2Ftags&post=6175"}],"curies":[{"name":"wp","href":"https:\/\/api.w.org\/{rel}","templated":true}]}}