{"id":6171,"date":"2023-03-08T16:19:16","date_gmt":"2023-03-08T19:19:16","guid":{"rendered":"https:\/\/prefeitura.santarosa.rs.gov.br\/?p=6171"},"modified":"2024-10-07T09:53:34","modified_gmt":"2024-10-07T12:53:34","slug":"prefeitura-realiza-abertura-da-via-cultural-e-inauguracao-do-busto-do-comunicador-valdir-ribeiro","status":"publish","type":"post","link":"https:\/\/prefeitura.santarosa.rs.gov.br\/?p=6171","title":{"rendered":"Prefeitura realiza abertura da Via Cultural e inaugura\u00e7\u00e3o do busto do comunicador Valdir Ribeiro"},"content":{"rendered":"\n<figure class=\"wp-block-image size-full\"><img fetchpriority=\"high\" decoding=\"async\" width=\"860\" height=\"645\" src=\"https:\/\/prefeitura.santarosa.rs.gov.br\/wp-content\/uploads\/2023\/03\/Formato-Site-e-Portal-860X645-JPG-79.jpg\" alt=\"\" class=\"wp-image-6172\" srcset=\"https:\/\/prefeitura.santarosa.rs.gov.br\/wp-content\/uploads\/2023\/03\/Formato-Site-e-Portal-860X645-JPG-79.jpg 860w, https:\/\/prefeitura.santarosa.rs.gov.br\/wp-content\/uploads\/2023\/03\/Formato-Site-e-Portal-860X645-JPG-79-300x225.jpg 300w, https:\/\/prefeitura.santarosa.rs.gov.br\/wp-content\/uploads\/2023\/03\/Formato-Site-e-Portal-860X645-JPG-79-768x576.jpg 768w\" sizes=\"(max-width: 860px) 100vw, 860px\" \/><\/figure>\n\n\n\n<p>A ter\u00e7a-feira (07), foi marcada por duas a\u00e7\u00f5es muito importantes para o munic\u00edpio. O Governo Municipal realizou a abertura da Via Cultural \u2013 Museu a C\u00e9u Aberto com a inaugura\u00e7\u00e3o do busto do radialista e nativista Valdir Nilson Ribeiro. O ato aconteceu em frente \u00e0 Pra\u00e7a da Bandeira, no Centro Cultural Professor Fioravante Pedrazani e contou com a presen\u00e7a de autoridades, familiares e amigos do comunicador e da comunidade.<\/p>\n\n\n\n<p>A homenagem prestada para Valdir Ribeiro foi proposta pelo vereador Vitor Daniel De Conti, devido ao grande legado deixado pelo comunicador, que faleceu em 2017, aos 69 anos de idade. A obra do busto foi conclu\u00edda com ajuda de incentivadores e apoiadores do nativista. Na oportunidade, foi lembrada a hist\u00f3ria do radialista, que recebeu diversas homenagens. O Prefeito Anderson Mantei ressaltou a import\u00e2ncia que Valdir Ribeiro teve para Santa Rosa, \u201c\u00c9 uma alegria poder estar hoje aqui, homenageando esta figura t\u00e3o especial que foi Valdir Ribeiro. Uma pessoa que incentivava a m\u00fasica, a poesia e a cultura. Nada mais justo, do que eternizar sua mem\u00f3ria na nova Via Cultural, que hoje tamb\u00e9m \u00e9 entregue para a comunidade desfrutar e viver momentos especiais\u201d.<\/p>\n\n\n\n<p>O projeto da Via Cultural \u2013 Museu a C\u00e9u Aberto contemplou obras de pavimenta\u00e7\u00e3o, impermeabiliza\u00e7\u00e3o da pra\u00e7a seca, drenagem, ilumina\u00e7\u00e3o e o refor\u00e7o estrutural da escadaria de acesso \u00e0 Av. Rio Branco. Com esta obra conclu\u00edda, quatro importantes pontos culturais da cidade, foram interligados: o Centro C\u00edvico Cultural Ant\u00f4nio Carlos Borges, a Biblioteca P\u00fablica Municipal Olavo Bilac, o Centro Cultural Prof. Fioravante Pedrazani e por fim, a Pra\u00e7a da Bandeira. Ap\u00f3s a solenidade, foram realizadas diversas apresenta\u00e7\u00f5es musicais com o Grupo Americanto, Los Camangos, Ant\u00f4nio Carlos &#8220;Careca&#8221;, Ademar Pereira, Vin\u00edcius Ribeiro e Moacir Nedel.<\/p>\n","protected":false},"excerpt":{"rendered":"<p>A ter\u00e7a-feira (07), foi marcada por duas a\u00e7\u00f5es muito importantes para o munic\u00edpio. O Governo Municipal realizou a abertura da<\/p>\n","protected":false},"author":6,"featured_media":6173,"comment_status":"closed","ping_status":"closed","sticky":false,"template":"","format":"standard","meta":{"footnotes":""},"categories":[4,18,3],"tags":[],"class_list":["post-6171","post","type-post","status-publish","format-standard","has-post-thumbnail","hentry","category-noticias","category-secretaria-municipal-de-educacao-e-cultura","category-gabinete-do-prefeito"],"aioseo_notices":[],"_links":{"self":[{"href":"https:\/\/prefeitura.santarosa.rs.gov.br\/index.php?rest_route=\/wp\/v2\/posts\/6171","targetHints":{"allow":["GET"]}}],"collection":[{"href":"https:\/\/prefeitura.santarosa.rs.gov.br\/index.php?rest_route=\/wp\/v2\/posts"}],"about":[{"href":"https:\/\/prefeitura.santarosa.rs.gov.br\/index.php?rest_route=\/wp\/v2\/types\/post"}],"author":[{"embeddable":true,"href":"https:\/\/prefeitura.santarosa.rs.gov.br\/index.php?rest_route=\/wp\/v2\/users\/6"}],"replies":[{"embeddable":true,"href":"https:\/\/prefeitura.santarosa.rs.gov.br\/index.php?rest_route=%2Fwp%2Fv2%2Fcomments&post=6171"}],"version-history":[{"count":1,"href":"https:\/\/prefeitura.santarosa.rs.gov.br\/index.php?rest_route=\/wp\/v2\/posts\/6171\/revisions"}],"predecessor-version":[{"id":6174,"href":"https:\/\/prefeitura.santarosa.rs.gov.br\/index.php?rest_route=\/wp\/v2\/posts\/6171\/revisions\/6174"}],"wp:featuredmedia":[{"embeddable":true,"href":"https:\/\/prefeitura.santarosa.rs.gov.br\/index.php?rest_route=\/wp\/v2\/media\/6173"}],"wp:attachment":[{"href":"https:\/\/prefeitura.santarosa.rs.gov.br\/index.php?rest_route=%2Fwp%2Fv2%2Fmedia&parent=6171"}],"wp:term":[{"taxonomy":"category","embeddable":true,"href":"https:\/\/prefeitura.santarosa.rs.gov.br\/index.php?rest_route=%2Fwp%2Fv2%2Fcategories&post=6171"},{"taxonomy":"post_tag","embeddable":true,"href":"https:\/\/prefeitura.santarosa.rs.gov.br\/index.php?rest_route=%2Fwp%2Fv2%2Ftags&post=6171"}],"curies":[{"name":"wp","href":"https:\/\/api.w.org\/{rel}","templated":true}]}}