{"id":6124,"date":"2023-03-03T15:59:30","date_gmt":"2023-03-03T18:59:30","guid":{"rendered":"https:\/\/prefeitura.santarosa.rs.gov.br\/?p=6124"},"modified":"2024-10-07T09:53:34","modified_gmt":"2024-10-07T12:53:34","slug":"prefeitura-divulga-programacao-do-mes-da-mulher","status":"publish","type":"post","link":"https:\/\/prefeitura.santarosa.rs.gov.br\/?p=6124","title":{"rendered":"Prefeitura divulga programa\u00e7\u00e3o do M\u00eas da Mulher"},"content":{"rendered":"\n<figure class=\"wp-block-image size-full\"><img fetchpriority=\"high\" decoding=\"async\" width=\"860\" height=\"645\" src=\"https:\/\/prefeitura.santarosa.rs.gov.br\/wp-content\/uploads\/2023\/03\/Formato-Site-e-Portal-860X645-JPG-71.jpg\" alt=\"\" class=\"wp-image-6125\" srcset=\"https:\/\/prefeitura.santarosa.rs.gov.br\/wp-content\/uploads\/2023\/03\/Formato-Site-e-Portal-860X645-JPG-71.jpg 860w, https:\/\/prefeitura.santarosa.rs.gov.br\/wp-content\/uploads\/2023\/03\/Formato-Site-e-Portal-860X645-JPG-71-300x225.jpg 300w, https:\/\/prefeitura.santarosa.rs.gov.br\/wp-content\/uploads\/2023\/03\/Formato-Site-e-Portal-860X645-JPG-71-768x576.jpg 768w\" sizes=\"(max-width: 860px) 100vw, 860px\" \/><\/figure>\n\n\n\n<p>A Prefeitura de Santa Rosa atrav\u00e9s da Secretaria de Desenvolvimento Social, vai realizar, durante o m\u00eas de mar\u00e7o, diversas atividades em comemora\u00e7\u00e3o ao m\u00eas da mulher. A programa\u00e7\u00e3o iniciou na quinta-feira (02), e seguir\u00e1 at\u00e9 o dia 31\/03. Est\u00e3o previstas palestras, oficinas, cultos, rodas de conversa e uma caminhada pelo fim da viol\u00eancia contra a mulher.<\/p>\n\n\n\n<p>A programa\u00e7\u00e3o foi elaborada pela equipe da Assessoria de Pol\u00edticas P\u00fablicas para as Mulheres, em parceria com outras secretarias e institui\u00e7\u00f5es. O objetivo \u00e9 fortalecer a uni\u00e3o feminina e a luta por seus direitos. Tamb\u00e9m participaram do desenvolvimento das atividades, a Rede de Prote\u00e7\u00e3o \u00e0 Mulher de Santa Rosa. No dia 08 de mar\u00e7o, Dia Internacional da Mulher, diversas a\u00e7\u00f5es v\u00e3o acontecer em diferentes pontos da cidade. A Assessora de Pol\u00edticas para as Mulheres, Solange Griza, destaca a import\u00e2ncia de celebrar esta data, \u201cEssa \u00e9 uma data que precisa ser lembrada, devido \u00e0 sua import\u00e2ncia e seu legado hist\u00f3rico para o p\u00fablico feminino. Estamos divulgando esta programa\u00e7\u00e3o, com o intuito de possibilitar \u00e0s mulheres de Santa Rosa, atra\u00e7\u00f5es culturais, momentos de reflex\u00e3o, empoderamento e conv\u00edvio social\u201d.<\/p>\n\n\n\n<p>Confira abaixo, a programa\u00e7\u00e3o completa do M\u00eas da Mulher.<\/p>\n\n\n\n<div data-wp-interactive=\"core\/file\" class=\"wp-block-file\"><object data-wp-bind--hidden=\"!state.hasPdfPreview\" hidden class=\"wp-block-file__embed\" data=\"https:\/\/prefeitura.santarosa.rs.gov.br\/wp-content\/uploads\/2023\/03\/Programacao-Mes-da-Mulher-2023.pdf\" type=\"application\/pdf\" style=\"width:100%;height:600px\" aria-label=\"Incorporado de Incorporado de Programacao-Mes-da-Mulher-2023..\"><\/object><a href=\"https:\/\/prefeitura.santarosa.rs.gov.br\/wp-content\/uploads\/2023\/03\/Programacao-Mes-da-Mulher-2023.pdf\">Programacao-Mes-da-Mulher-2023<\/a><a href=\"https:\/\/prefeitura.santarosa.rs.gov.br\/wp-content\/uploads\/2023\/03\/Programacao-Mes-da-Mulher-2023.pdf\" class=\"wp-block-file__button\" download>Baixar<\/a><\/div>\n","protected":false},"excerpt":{"rendered":"<p>A Prefeitura de Santa Rosa atrav\u00e9s da Secretaria de Desenvolvimento Social, vai realizar, durante o m\u00eas de mar\u00e7o, diversas atividades<\/p>\n","protected":false},"author":6,"featured_media":6127,"comment_status":"closed","ping_status":"closed","sticky":false,"template":"","format":"standard","meta":{"footnotes":""},"categories":[4,17],"tags":[],"class_list":["post-6124","post","type-post","status-publish","format-standard","has-post-thumbnail","hentry","category-noticias","category-secretaria-municipal-de-desenvolvimento-social"],"aioseo_notices":[],"_links":{"self":[{"href":"https:\/\/prefeitura.santarosa.rs.gov.br\/index.php?rest_route=\/wp\/v2\/posts\/6124","targetHints":{"allow":["GET"]}}],"collection":[{"href":"https:\/\/prefeitura.santarosa.rs.gov.br\/index.php?rest_route=\/wp\/v2\/posts"}],"about":[{"href":"https:\/\/prefeitura.santarosa.rs.gov.br\/index.php?rest_route=\/wp\/v2\/types\/post"}],"author":[{"embeddable":true,"href":"https:\/\/prefeitura.santarosa.rs.gov.br\/index.php?rest_route=\/wp\/v2\/users\/6"}],"replies":[{"embeddable":true,"href":"https:\/\/prefeitura.santarosa.rs.gov.br\/index.php?rest_route=%2Fwp%2Fv2%2Fcomments&post=6124"}],"version-history":[{"count":1,"href":"https:\/\/prefeitura.santarosa.rs.gov.br\/index.php?rest_route=\/wp\/v2\/posts\/6124\/revisions"}],"predecessor-version":[{"id":6128,"href":"https:\/\/prefeitura.santarosa.rs.gov.br\/index.php?rest_route=\/wp\/v2\/posts\/6124\/revisions\/6128"}],"wp:featuredmedia":[{"embeddable":true,"href":"https:\/\/prefeitura.santarosa.rs.gov.br\/index.php?rest_route=\/wp\/v2\/media\/6127"}],"wp:attachment":[{"href":"https:\/\/prefeitura.santarosa.rs.gov.br\/index.php?rest_route=%2Fwp%2Fv2%2Fmedia&parent=6124"}],"wp:term":[{"taxonomy":"category","embeddable":true,"href":"https:\/\/prefeitura.santarosa.rs.gov.br\/index.php?rest_route=%2Fwp%2Fv2%2Fcategories&post=6124"},{"taxonomy":"post_tag","embeddable":true,"href":"https:\/\/prefeitura.santarosa.rs.gov.br\/index.php?rest_route=%2Fwp%2Fv2%2Ftags&post=6124"}],"curies":[{"name":"wp","href":"https:\/\/api.w.org\/{rel}","templated":true}]}}