{"id":6120,"date":"2023-03-03T15:53:51","date_gmt":"2023-03-03T18:53:51","guid":{"rendered":"https:\/\/prefeitura.santarosa.rs.gov.br\/?p=6120"},"modified":"2024-10-07T09:53:34","modified_gmt":"2024-10-07T12:53:34","slug":"prefeito-anderson-assina-convenio-entre-santa-rosa-santo-angelo-e-girua","status":"publish","type":"post","link":"https:\/\/prefeitura.santarosa.rs.gov.br\/?p=6120","title":{"rendered":"Prefeito Anderson assina conv\u00eanio entre Santa Rosa, Santo \u00c2ngelo e Giru\u00e1"},"content":{"rendered":"\n<p><strong>A a\u00e7\u00e3o vai garantir o projeto para terceiras faixas na ERS 344<\/strong><\/p>\n\n\n\n<figure class=\"wp-block-image size-full\"><img fetchpriority=\"high\" decoding=\"async\" width=\"860\" height=\"645\" src=\"https:\/\/prefeitura.santarosa.rs.gov.br\/wp-content\/uploads\/2023\/03\/Formato-Site-e-Portal-860X645-JPG-70.jpg\" alt=\"\" class=\"wp-image-6121\" srcset=\"https:\/\/prefeitura.santarosa.rs.gov.br\/wp-content\/uploads\/2023\/03\/Formato-Site-e-Portal-860X645-JPG-70.jpg 860w, https:\/\/prefeitura.santarosa.rs.gov.br\/wp-content\/uploads\/2023\/03\/Formato-Site-e-Portal-860X645-JPG-70-300x225.jpg 300w, https:\/\/prefeitura.santarosa.rs.gov.br\/wp-content\/uploads\/2023\/03\/Formato-Site-e-Portal-860X645-JPG-70-768x576.jpg 768w\" sizes=\"(max-width: 860px) 100vw, 860px\" \/><\/figure>\n\n\n\n<p>O Prefeito Anderson Mantei participou nesta sexta-feira (03), da abertura oficial da ExpoGiru\u00e1 e Feira do Buti\u00e1 2023. Na oportunidade, foi assinado um termo de conv\u00eanio entre os munic\u00edpios de Santa Rosa, Santo \u00c2ngelo e Giru\u00e1, com o objetivo de garantir a constru\u00e7\u00e3o de terceiras faixas na ERS-344. Com o acordo assinado, o pr\u00f3ximo passo \u00e9 licitar uma empresa habilitada, para realizar a elabora\u00e7\u00e3o do projeto executivo de engenharia.<\/p>\n\n\n\n<p>Santa Rosa ficou respons\u00e1vel por providenciar o conv\u00eanio e a contrata\u00e7\u00e3o da empresa que vai elaborar o projeto. No termo, ficou definido que os tr\u00eas munic\u00edpios ir\u00e3o custear o projeto para terceiras faixas em trechos espec\u00edficos, or\u00e7ado em cerca de R$ 400 mil, e far\u00e3o a doa\u00e7\u00e3o para o Departamento Aut\u00f4nomo de Estradas e Rodagens do Rio Grande do Sul (Daer\/RS). O custo da obra est\u00e1 estimado em cerca de R$ 20 milh\u00f5es, \u201cEstamos muito contentes em assinar este conv\u00eanio, em parceria com Giru\u00e1 e Santo \u00c2ngelo. Este projeto vai beneficiar os moradores das tr\u00eas cidades, como tamb\u00e9m, de toda a popula\u00e7\u00e3o que trafega na ERS-344. \u00c9 uma obra estruturante e fundamental para o desenvolvimento econ\u00f4mico das regi\u00f5es das Miss\u00f5es e da Fronteira Noroeste\u201d, destacou Anderson.<\/p>\n\n\n\n<p>As terceiras faixas na rodovia ERS-344, v\u00e3o ser implementadas no trecho desde o entroncamento com a ERS-162\/307 em Santa Rosa, passando por Giru\u00e1, at\u00e9 o entroncamento com a BRS-392 em Santo \u00c2ngelo, sendo 12,77 km pertencentes ao Munic\u00edpio de Santa Rosa, 25,93 km pertencentes ao Munic\u00edpio de Giru\u00e1 e 23,00 km pertencentes ao Munic\u00edpio de Santo \u00c2ngelo, totalizando 61,70 km de rodovia. O termo de conv\u00eanio foi assinado pelo prefeito Anderson Mantei (Santa Rosa), prefeito Jacques Barbosa (Santo \u00c2ngelo) e prefeito Rubem Weimer (Giru\u00e1).<\/p>\n","protected":false},"excerpt":{"rendered":"<p>A a\u00e7\u00e3o vai garantir o projeto para terceiras faixas na ERS 344 O Prefeito Anderson Mantei participou nesta sexta-feira (03),<\/p>\n","protected":false},"author":6,"featured_media":6122,"comment_status":"closed","ping_status":"closed","sticky":false,"template":"","format":"standard","meta":{"footnotes":""},"categories":[4,22,3],"tags":[],"class_list":["post-6120","post","type-post","status-publish","format-standard","has-post-thumbnail","hentry","category-noticias","category-secretaria-municipal-de-planejamento-e-habitacao","category-gabinete-do-prefeito"],"aioseo_notices":[],"_links":{"self":[{"href":"https:\/\/prefeitura.santarosa.rs.gov.br\/index.php?rest_route=\/wp\/v2\/posts\/6120","targetHints":{"allow":["GET"]}}],"collection":[{"href":"https:\/\/prefeitura.santarosa.rs.gov.br\/index.php?rest_route=\/wp\/v2\/posts"}],"about":[{"href":"https:\/\/prefeitura.santarosa.rs.gov.br\/index.php?rest_route=\/wp\/v2\/types\/post"}],"author":[{"embeddable":true,"href":"https:\/\/prefeitura.santarosa.rs.gov.br\/index.php?rest_route=\/wp\/v2\/users\/6"}],"replies":[{"embeddable":true,"href":"https:\/\/prefeitura.santarosa.rs.gov.br\/index.php?rest_route=%2Fwp%2Fv2%2Fcomments&post=6120"}],"version-history":[{"count":1,"href":"https:\/\/prefeitura.santarosa.rs.gov.br\/index.php?rest_route=\/wp\/v2\/posts\/6120\/revisions"}],"predecessor-version":[{"id":6123,"href":"https:\/\/prefeitura.santarosa.rs.gov.br\/index.php?rest_route=\/wp\/v2\/posts\/6120\/revisions\/6123"}],"wp:featuredmedia":[{"embeddable":true,"href":"https:\/\/prefeitura.santarosa.rs.gov.br\/index.php?rest_route=\/wp\/v2\/media\/6122"}],"wp:attachment":[{"href":"https:\/\/prefeitura.santarosa.rs.gov.br\/index.php?rest_route=%2Fwp%2Fv2%2Fmedia&parent=6120"}],"wp:term":[{"taxonomy":"category","embeddable":true,"href":"https:\/\/prefeitura.santarosa.rs.gov.br\/index.php?rest_route=%2Fwp%2Fv2%2Fcategories&post=6120"},{"taxonomy":"post_tag","embeddable":true,"href":"https:\/\/prefeitura.santarosa.rs.gov.br\/index.php?rest_route=%2Fwp%2Fv2%2Ftags&post=6120"}],"curies":[{"name":"wp","href":"https:\/\/api.w.org\/{rel}","templated":true}]}}