{"id":6078,"date":"2023-02-28T15:42:16","date_gmt":"2023-02-28T18:42:16","guid":{"rendered":"https:\/\/prefeitura.santarosa.rs.gov.br\/?p=6078"},"modified":"2024-10-07T09:53:35","modified_gmt":"2024-10-07T12:53:35","slug":"obra-de-pavimentacao-na-sulina-esta-90-concluida","status":"publish","type":"post","link":"https:\/\/prefeitura.santarosa.rs.gov.br\/?p=6078","title":{"rendered":"Obra de pavimenta\u00e7\u00e3o na Sulina est\u00e1 90% conclu\u00edda"},"content":{"rendered":"\n<figure class=\"wp-block-image size-full\"><img fetchpriority=\"high\" decoding=\"async\" width=\"860\" height=\"645\" src=\"https:\/\/prefeitura.santarosa.rs.gov.br\/wp-content\/uploads\/2023\/02\/Formato-Site-e-Portal-860X645-JPG-2023-02-28T153804.194.jpg\" alt=\"\" class=\"wp-image-6079\" srcset=\"https:\/\/prefeitura.santarosa.rs.gov.br\/wp-content\/uploads\/2023\/02\/Formato-Site-e-Portal-860X645-JPG-2023-02-28T153804.194.jpg 860w, https:\/\/prefeitura.santarosa.rs.gov.br\/wp-content\/uploads\/2023\/02\/Formato-Site-e-Portal-860X645-JPG-2023-02-28T153804.194-300x225.jpg 300w, https:\/\/prefeitura.santarosa.rs.gov.br\/wp-content\/uploads\/2023\/02\/Formato-Site-e-Portal-860X645-JPG-2023-02-28T153804.194-768x576.jpg 768w\" sizes=\"(max-width: 860px) 100vw, 860px\" \/><\/figure>\n\n\n\n<p><br>O Vice-Prefeito Aldemir Ulrich e o Secret\u00e1rio de Planejamento e Habita\u00e7\u00e3o, Cl\u00e1udio Franke estiveram acompanhando a execu\u00e7\u00e3o da obra de pavimenta\u00e7\u00e3o asf\u00e1ltica nos fundos da Sulina. O projeto j\u00e1 est\u00e1 com 90% dos servi\u00e7os conclu\u00eddos, faltando apenas os acabamentos finais e a sinaliza\u00e7\u00e3o vi\u00e1ria. Ao todo, v\u00e3o ser realizados 950 metros lineares, 6.650 m\u00b2 de pavimenta\u00e7\u00e3o. Cerca de R$ 900 mil est\u00e3o sendo investidos na obra.<\/p>\n\n\n\n<p><br>Fazem parte do projeto, os servi\u00e7os de prepara\u00e7\u00e3o da base, com solo brita, pavimenta\u00e7\u00e3o asf\u00e1ltica, execu\u00e7\u00e3o de drenagem e de sinaliza\u00e7\u00e3o vi\u00e1ria. O Vice-Prefeito Aldemir Ulrich ressalta as melhorias implementadas na infraestrutura do munic\u00edpio, \u201cSanta Rosa est\u00e1 um canteiro de obras. Dezenas de projetos est\u00e3o em andamento e muitos outros para iniciar. S\u00e3o a\u00e7\u00f5es que v\u00e3o trazer mais qualidade de vida para a popula\u00e7\u00e3o, auxiliar no tr\u00e1fego de ve\u00edculos e tornar nossa cidade cada vez melhor para se viver\u201d.\u00a0<\/p>\n\n\n\n<p><br>A Diretora de Capta\u00e7\u00e3o de Recursos, Caliandra Perini, tamb\u00e9m acompanhou a vistoria. Est\u00e3o sendo investidos na obra, R$ 891.657,60, recurso que faz parte do contrato do FINISA \u2013 Financiamento \u00e0 Infraestrutura e Saneamento, da Caixa Econ\u00f4mica Federal.<\/p>\n","protected":false},"excerpt":{"rendered":"<p>O Vice-Prefeito Aldemir Ulrich e o Secret\u00e1rio de Planejamento e Habita\u00e7\u00e3o, Cl\u00e1udio Franke estiveram acompanhando a execu\u00e7\u00e3o da obra de<\/p>\n","protected":false},"author":5,"featured_media":6080,"comment_status":"open","ping_status":"open","sticky":false,"template":"","format":"standard","meta":{"footnotes":""},"categories":[4,22],"tags":[],"class_list":["post-6078","post","type-post","status-publish","format-standard","has-post-thumbnail","hentry","category-noticias","category-secretaria-municipal-de-planejamento-e-habitacao"],"aioseo_notices":[],"_links":{"self":[{"href":"https:\/\/prefeitura.santarosa.rs.gov.br\/index.php?rest_route=\/wp\/v2\/posts\/6078","targetHints":{"allow":["GET"]}}],"collection":[{"href":"https:\/\/prefeitura.santarosa.rs.gov.br\/index.php?rest_route=\/wp\/v2\/posts"}],"about":[{"href":"https:\/\/prefeitura.santarosa.rs.gov.br\/index.php?rest_route=\/wp\/v2\/types\/post"}],"author":[{"embeddable":true,"href":"https:\/\/prefeitura.santarosa.rs.gov.br\/index.php?rest_route=\/wp\/v2\/users\/5"}],"replies":[{"embeddable":true,"href":"https:\/\/prefeitura.santarosa.rs.gov.br\/index.php?rest_route=%2Fwp%2Fv2%2Fcomments&post=6078"}],"version-history":[{"count":1,"href":"https:\/\/prefeitura.santarosa.rs.gov.br\/index.php?rest_route=\/wp\/v2\/posts\/6078\/revisions"}],"predecessor-version":[{"id":6081,"href":"https:\/\/prefeitura.santarosa.rs.gov.br\/index.php?rest_route=\/wp\/v2\/posts\/6078\/revisions\/6081"}],"wp:featuredmedia":[{"embeddable":true,"href":"https:\/\/prefeitura.santarosa.rs.gov.br\/index.php?rest_route=\/wp\/v2\/media\/6080"}],"wp:attachment":[{"href":"https:\/\/prefeitura.santarosa.rs.gov.br\/index.php?rest_route=%2Fwp%2Fv2%2Fmedia&parent=6078"}],"wp:term":[{"taxonomy":"category","embeddable":true,"href":"https:\/\/prefeitura.santarosa.rs.gov.br\/index.php?rest_route=%2Fwp%2Fv2%2Fcategories&post=6078"},{"taxonomy":"post_tag","embeddable":true,"href":"https:\/\/prefeitura.santarosa.rs.gov.br\/index.php?rest_route=%2Fwp%2Fv2%2Ftags&post=6078"}],"curies":[{"name":"wp","href":"https:\/\/api.w.org\/{rel}","templated":true}]}}