{"id":6061,"date":"2023-02-27T11:17:00","date_gmt":"2023-02-27T14:17:00","guid":{"rendered":"https:\/\/prefeitura.santarosa.rs.gov.br\/?p=6061"},"modified":"2024-10-07T09:53:35","modified_gmt":"2024-10-07T12:53:35","slug":"ii-forum-macrorregional-do-transtorno-do-espectro-autista","status":"publish","type":"post","link":"https:\/\/prefeitura.santarosa.rs.gov.br\/?p=6061","title":{"rendered":"II F\u00f3rum Macrorregional do Transtorno do Espectro Autista"},"content":{"rendered":"\n<p><\/p>\n\n\n\n<figure class=\"wp-block-image size-full\"><img fetchpriority=\"high\" decoding=\"async\" width=\"860\" height=\"645\" src=\"https:\/\/prefeitura.santarosa.rs.gov.br\/wp-content\/uploads\/2023\/02\/Formato-Site-e-Portal-860X645-JPG-55-1.jpg\" alt=\"\" class=\"wp-image-6062\" srcset=\"https:\/\/prefeitura.santarosa.rs.gov.br\/wp-content\/uploads\/2023\/02\/Formato-Site-e-Portal-860X645-JPG-55-1.jpg 860w, https:\/\/prefeitura.santarosa.rs.gov.br\/wp-content\/uploads\/2023\/02\/Formato-Site-e-Portal-860X645-JPG-55-1-300x225.jpg 300w, https:\/\/prefeitura.santarosa.rs.gov.br\/wp-content\/uploads\/2023\/02\/Formato-Site-e-Portal-860X645-JPG-55-1-768x576.jpg 768w\" sizes=\"(max-width: 860px) 100vw, 860px\" \/><\/figure>\n\n\n\n<p>A FUMSSAR em parceria com o CMR TEAcolhe Santa Rosa, realizou nesta&nbsp;segunda-feira (27), o II F\u00f3rum Macrorregional do Transtorno do Espectro Autista: Um olhar para a educa\u00e7\u00e3o. O evento aconteceu de forma online e foi transmitido pelo canal da MacroTEA, na plataforma Youtube. O F\u00f3rum contou com a representa\u00e7\u00e3o de 48 munic\u00edpios, inclusive com espectadores dos estados de S\u00e3o Paulo, Piau\u00ed e Minas Gerais. Tamb\u00e9m participaram do encontro, autoridades e profissionais que atuam na \u00e1rea da educa\u00e7\u00e3o. At\u00e9 o momento, o conte\u00fado j\u00e1 teve mais de 720 visualiza\u00e7\u00f5es.<\/p>\n\n\n\n<p><\/p>\n\n\n\n<p>O objetivo do F\u00f3rum foi trazer uma proposta voltada para a educa\u00e7\u00e3o, com conte\u00fados que trazem mais qualifica\u00e7\u00e3o para os profissionais desta \u00e1rea. O presidente da FUMSSAR, D\u00e9lcio Stefan, destacou a import\u00e2ncia do evento, \u201cEstamos muito contentes com a realiza\u00e7\u00e3o de mais este f\u00f3rum, voltado para a educa\u00e7\u00e3o. Nosso objetivo \u00e9 seguir com este trabalho de qualifica\u00e7\u00e3o cont\u00ednua dos profissionais, para que possamos prestar um atendimento humanizado e cada vez melhor para os pacientes com autismo\u201d.<\/p>\n\n\n\n<p><\/p>\n\n\n\n<p>Na oportunidade, foi abordado o tema: \u201cA inclus\u00e3o de crian\u00e7as com Transtorno do Espectro Autista (TEA) e as adapta\u00e7\u00f5es curriculares na escola\u201d, pela pedagoga, D\u00e9bora Jacks. A Macrorregi\u00e3o Missioneira, a qual Santa Rosa faz parte, possui&nbsp;hoje, 1.393 crian\u00e7as diagnosticadas com autismo e atendidas pelo SUS \u2013 Sistema \u00danico de Sa\u00fade.<\/p>\n\n\n\n<p><br>Para visualizar o conte\u00fado do II F\u00f3rum Macrorregional do Transtorno do Espectro Autista: Um olhar para a educa\u00e7\u00e3o, basta acessar o link abaixo, no canal da MacroTEA, na plataforma Youtube.<\/p>\n\n\n\n<p>&#8211;&nbsp;<a href=\"https:\/\/www.youtube.com\/watch?v=-HvDcPVKWqY\" target=\"_blank\" rel=\"noreferrer noopener\">https:\/\/www.youtube.com\/watch?v=-HvDcPVKWqY<\/a><\/p>\n","protected":false},"excerpt":{"rendered":"<p>A FUMSSAR em parceria com o CMR TEAcolhe Santa Rosa, realizou nesta&nbsp;segunda-feira (27), o II F\u00f3rum Macrorregional do Transtorno do<\/p>\n","protected":false},"author":5,"featured_media":6062,"comment_status":"open","ping_status":"open","sticky":false,"template":"","format":"standard","meta":{"footnotes":""},"categories":[4,8],"tags":[],"class_list":["post-6061","post","type-post","status-publish","format-standard","has-post-thumbnail","hentry","category-noticias","category-noticias-fumssar"],"aioseo_notices":[],"_links":{"self":[{"href":"https:\/\/prefeitura.santarosa.rs.gov.br\/index.php?rest_route=\/wp\/v2\/posts\/6061","targetHints":{"allow":["GET"]}}],"collection":[{"href":"https:\/\/prefeitura.santarosa.rs.gov.br\/index.php?rest_route=\/wp\/v2\/posts"}],"about":[{"href":"https:\/\/prefeitura.santarosa.rs.gov.br\/index.php?rest_route=\/wp\/v2\/types\/post"}],"author":[{"embeddable":true,"href":"https:\/\/prefeitura.santarosa.rs.gov.br\/index.php?rest_route=\/wp\/v2\/users\/5"}],"replies":[{"embeddable":true,"href":"https:\/\/prefeitura.santarosa.rs.gov.br\/index.php?rest_route=%2Fwp%2Fv2%2Fcomments&post=6061"}],"version-history":[{"count":2,"href":"https:\/\/prefeitura.santarosa.rs.gov.br\/index.php?rest_route=\/wp\/v2\/posts\/6061\/revisions"}],"predecessor-version":[{"id":6064,"href":"https:\/\/prefeitura.santarosa.rs.gov.br\/index.php?rest_route=\/wp\/v2\/posts\/6061\/revisions\/6064"}],"wp:featuredmedia":[{"embeddable":true,"href":"https:\/\/prefeitura.santarosa.rs.gov.br\/index.php?rest_route=\/wp\/v2\/media\/6062"}],"wp:attachment":[{"href":"https:\/\/prefeitura.santarosa.rs.gov.br\/index.php?rest_route=%2Fwp%2Fv2%2Fmedia&parent=6061"}],"wp:term":[{"taxonomy":"category","embeddable":true,"href":"https:\/\/prefeitura.santarosa.rs.gov.br\/index.php?rest_route=%2Fwp%2Fv2%2Fcategories&post=6061"},{"taxonomy":"post_tag","embeddable":true,"href":"https:\/\/prefeitura.santarosa.rs.gov.br\/index.php?rest_route=%2Fwp%2Fv2%2Ftags&post=6061"}],"curies":[{"name":"wp","href":"https:\/\/api.w.org\/{rel}","templated":true}]}}