{"id":6050,"date":"2023-02-24T14:27:52","date_gmt":"2023-02-24T17:27:52","guid":{"rendered":"https:\/\/prefeitura.santarosa.rs.gov.br\/?p=6050"},"modified":"2024-10-07T09:53:35","modified_gmt":"2024-10-07T12:53:35","slug":"cras-com-voce-prefeitura-leva-atendimento-social-aos-bairros-de-santa-rosa","status":"publish","type":"post","link":"https:\/\/prefeitura.santarosa.rs.gov.br\/?p=6050","title":{"rendered":"CRAS com Voc\u00ea: Prefeitura leva atendimento social aos bairros de Santa Rosa"},"content":{"rendered":"\n<figure class=\"wp-block-image size-full\"><img fetchpriority=\"high\" decoding=\"async\" width=\"860\" height=\"645\" src=\"https:\/\/prefeitura.santarosa.rs.gov.br\/wp-content\/uploads\/2023\/02\/Formato-Site-e-Portal-860X645-JPG-53.jpg\" alt=\"\" class=\"wp-image-6051\" srcset=\"https:\/\/prefeitura.santarosa.rs.gov.br\/wp-content\/uploads\/2023\/02\/Formato-Site-e-Portal-860X645-JPG-53.jpg 860w, https:\/\/prefeitura.santarosa.rs.gov.br\/wp-content\/uploads\/2023\/02\/Formato-Site-e-Portal-860X645-JPG-53-300x225.jpg 300w, https:\/\/prefeitura.santarosa.rs.gov.br\/wp-content\/uploads\/2023\/02\/Formato-Site-e-Portal-860X645-JPG-53-768x576.jpg 768w\" sizes=\"(max-width: 860px) 100vw, 860px\" \/><\/figure>\n\n\n\n<p>A Prefeitura atrav\u00e9s da Secretaria de Desenvolvimento Social, deu in\u00edcio a um novo projeto chamado: \u201cCRAS com Voc\u00ea\u201d. O objetivo \u00e9 levar o atendimento social para os bairros do munic\u00edpio, ampliando as interven\u00e7\u00f5es na \u00e1rea urbana e rural e viabilizando espa\u00e7os de discuss\u00f5es, que possibilitem a compreens\u00e3o da rede de servi\u00e7os dispon\u00edveis em Santa Rosa. A a\u00e7\u00e3o aconteceu nesta semana, para os moradores das seguintes localidades: Nossa Senhora Aparecida, More Bem, Bomba, Morada do Sol; Winkelmann, Esperan\u00e7a e S\u00e3o Francisco. Participaram dos eventos, autoridades e a comunidade.<\/p>\n\n\n\n<p>Na oportunidade, foi realizada uma fala pela Secret\u00e1ria de Desenvolvimento Social, Rita Strasser, com a apresenta\u00e7\u00e3o dos servi\u00e7os sociais e logo ap\u00f3s, servido um lanche para os participantes e realizado um Bazar Solid\u00e1rio, com a distribui\u00e7\u00e3o de roupas para as fam\u00edlias, \u201cO CRAS com Voc\u00ea surgiu com o intuito de aproximar o nosso servi\u00e7o da popula\u00e7\u00e3o. Estamos muito contentes com estes dois primeiros encontros j\u00e1 realizados, onde podemos realizar uma escuta sens\u00edvel de demandas das comunidades e apresentar poss\u00edveis solu\u00e7\u00f5es\u201d, destacou Rita Strasser.<\/p>\n\n\n\n<p>As atividades do \u201cCRAS com Voc\u00ea\u201d, acontecem at\u00e9 o fim do ano. Ser\u00e3o realizados 14 encontros trimestrais. O projeto tamb\u00e9m conta com a participa\u00e7\u00e3o dos demais setores vinculados a Secretaria de Desenvolvimento Social, atrav\u00e9s da apresenta\u00e7\u00e3o de servi\u00e7os, programas e projetos para o atendimento das fam\u00edlias. As pr\u00f3ximas a\u00e7\u00f5es ser\u00e3o divulgadas nas redes sociais da Prefeitura de Santa Rosa.<\/p>\n","protected":false},"excerpt":{"rendered":"<p>A Prefeitura atrav\u00e9s da Secretaria de Desenvolvimento Social, deu in\u00edcio a um novo projeto chamado: \u201cCRAS com Voc\u00ea\u201d. O objetivo<\/p>\n","protected":false},"author":6,"featured_media":6052,"comment_status":"closed","ping_status":"closed","sticky":false,"template":"","format":"standard","meta":{"footnotes":""},"categories":[4,17],"tags":[],"class_list":["post-6050","post","type-post","status-publish","format-standard","has-post-thumbnail","hentry","category-noticias","category-secretaria-municipal-de-desenvolvimento-social"],"aioseo_notices":[],"_links":{"self":[{"href":"https:\/\/prefeitura.santarosa.rs.gov.br\/index.php?rest_route=\/wp\/v2\/posts\/6050","targetHints":{"allow":["GET"]}}],"collection":[{"href":"https:\/\/prefeitura.santarosa.rs.gov.br\/index.php?rest_route=\/wp\/v2\/posts"}],"about":[{"href":"https:\/\/prefeitura.santarosa.rs.gov.br\/index.php?rest_route=\/wp\/v2\/types\/post"}],"author":[{"embeddable":true,"href":"https:\/\/prefeitura.santarosa.rs.gov.br\/index.php?rest_route=\/wp\/v2\/users\/6"}],"replies":[{"embeddable":true,"href":"https:\/\/prefeitura.santarosa.rs.gov.br\/index.php?rest_route=%2Fwp%2Fv2%2Fcomments&post=6050"}],"version-history":[{"count":1,"href":"https:\/\/prefeitura.santarosa.rs.gov.br\/index.php?rest_route=\/wp\/v2\/posts\/6050\/revisions"}],"predecessor-version":[{"id":6053,"href":"https:\/\/prefeitura.santarosa.rs.gov.br\/index.php?rest_route=\/wp\/v2\/posts\/6050\/revisions\/6053"}],"wp:featuredmedia":[{"embeddable":true,"href":"https:\/\/prefeitura.santarosa.rs.gov.br\/index.php?rest_route=\/wp\/v2\/media\/6052"}],"wp:attachment":[{"href":"https:\/\/prefeitura.santarosa.rs.gov.br\/index.php?rest_route=%2Fwp%2Fv2%2Fmedia&parent=6050"}],"wp:term":[{"taxonomy":"category","embeddable":true,"href":"https:\/\/prefeitura.santarosa.rs.gov.br\/index.php?rest_route=%2Fwp%2Fv2%2Fcategories&post=6050"},{"taxonomy":"post_tag","embeddable":true,"href":"https:\/\/prefeitura.santarosa.rs.gov.br\/index.php?rest_route=%2Fwp%2Fv2%2Ftags&post=6050"}],"curies":[{"name":"wp","href":"https:\/\/api.w.org\/{rel}","templated":true}]}}