{"id":6018,"date":"2023-02-20T10:10:00","date_gmt":"2023-02-20T13:10:00","guid":{"rendered":"https:\/\/prefeitura.santarosa.rs.gov.br\/?p=6018"},"modified":"2024-10-07T09:53:47","modified_gmt":"2024-10-07T12:53:47","slug":"fumssar-avanca-no-projeto-de-informatizacao","status":"publish","type":"post","link":"https:\/\/prefeitura.santarosa.rs.gov.br\/?p=6018","title":{"rendered":"FUMSSAR avan\u00e7a no projeto de informatiza\u00e7\u00e3o"},"content":{"rendered":"\n<p><\/p>\n\n\n\n<figure class=\"wp-block-image size-full\"><img fetchpriority=\"high\" decoding=\"async\" width=\"860\" height=\"645\" src=\"https:\/\/prefeitura.santarosa.rs.gov.br\/wp-content\/uploads\/2023\/02\/Formato-Site-e-Portal-860X645-JPG-2023-02-21T100219.006.jpg\" alt=\"\" class=\"wp-image-6019\" srcset=\"https:\/\/prefeitura.santarosa.rs.gov.br\/wp-content\/uploads\/2023\/02\/Formato-Site-e-Portal-860X645-JPG-2023-02-21T100219.006.jpg 860w, https:\/\/prefeitura.santarosa.rs.gov.br\/wp-content\/uploads\/2023\/02\/Formato-Site-e-Portal-860X645-JPG-2023-02-21T100219.006-300x225.jpg 300w, https:\/\/prefeitura.santarosa.rs.gov.br\/wp-content\/uploads\/2023\/02\/Formato-Site-e-Portal-860X645-JPG-2023-02-21T100219.006-768x576.jpg 768w\" sizes=\"(max-width: 860px) 100vw, 860px\" \/><\/figure>\n\n\n\n<p>Seguindo o planejamento de informatiza\u00e7\u00e3o e redu\u00e7\u00e3o de fluxos impressos, a Funda\u00e7\u00e3o Municipal de Sa\u00fade de Santa Rosa tem avan\u00e7ado na implementa\u00e7\u00e3o de processos digitais para a popula\u00e7\u00e3o. Atrav\u00e9s da habilita\u00e7\u00e3o da Certifica\u00e7\u00e3o Digital, o hist\u00f3rico do paciente e documentos, como: atestados, comprovantes de comparecimento, requisi\u00e7\u00f5es de exames, receitu\u00e1rios e encaminhamentos gerados durante o atendimento, s\u00e3o emitidos e assinados digitalmente, n\u00e3o tendo a necessidade de impress\u00e3o. Dessa forma, os arquivos de a\u00e7o n\u00e3o s\u00e3o mais necess\u00e1rios. O processo de retirada de mais de 250 arquivos, que estavam distribu\u00eddos nas Unidades B\u00e1sicas de Sa\u00fade, teve in\u00edcio.<\/p>\n\n\n\n<p><\/p>\n\n\n\n<p>Os arquivos que existiam desde a cria\u00e7\u00e3o da Funda\u00e7\u00e3o, h\u00e1 27 anos, eram utilizados para guardar as fichas dos pacientes, hist\u00f3rico m\u00e9dico e demais registros. Com o avan\u00e7o dos processos digitais, todas essas informa\u00e7\u00f5es, agora s\u00e3o gravadas de forma online, no sistema utilizado pela FUMSSAR. Com essa redu\u00e7\u00e3o do fluxo de impress\u00f5es, a institui\u00e7\u00e3o vai passar a economizar cerca de R$ 70 mil por ano, \u201cCom o Planejamento Estrat\u00e9gico, conseguimos avan\u00e7ar no processo de informatiza\u00e7\u00e3o na sa\u00fade. Esta ferramenta \u00e9 um facilitador, pois organiza e otimiza os processos burocr\u00e1ticos\/administrativos em um ambiente virtual, gerando mais economia, agilidade e seguran\u00e7a das informa\u00e7\u00f5es\u201d, destaca o Diretor de Gest\u00e3o Estrat\u00e9gica, Fernando Borella.<\/p>\n\n\n\n<p><\/p>\n\n\n\n<p>At\u00e9 o final do m\u00eas&nbsp;de fevereiro, os arquivos de a\u00e7o v\u00e3o ser retirados das unidades para posteriormente, serem leiloados. Esta a\u00e7\u00e3o, tamb\u00e9m traz mais infraestrutura para as UBS\u2019s, deixando o ambiente mais espa\u00e7oso, para melhor organizar o atendimento.<\/p>\n","protected":false},"excerpt":{"rendered":"<p>Seguindo o planejamento de informatiza\u00e7\u00e3o e redu\u00e7\u00e3o de fluxos impressos, a Funda\u00e7\u00e3o Municipal de Sa\u00fade de Santa Rosa tem avan\u00e7ado<\/p>\n","protected":false},"author":5,"featured_media":6020,"comment_status":"open","ping_status":"open","sticky":false,"template":"","format":"standard","meta":{"footnotes":""},"categories":[4,8],"tags":[],"class_list":["post-6018","post","type-post","status-publish","format-standard","has-post-thumbnail","hentry","category-noticias","category-noticias-fumssar"],"aioseo_notices":[],"_links":{"self":[{"href":"https:\/\/prefeitura.santarosa.rs.gov.br\/index.php?rest_route=\/wp\/v2\/posts\/6018","targetHints":{"allow":["GET"]}}],"collection":[{"href":"https:\/\/prefeitura.santarosa.rs.gov.br\/index.php?rest_route=\/wp\/v2\/posts"}],"about":[{"href":"https:\/\/prefeitura.santarosa.rs.gov.br\/index.php?rest_route=\/wp\/v2\/types\/post"}],"author":[{"embeddable":true,"href":"https:\/\/prefeitura.santarosa.rs.gov.br\/index.php?rest_route=\/wp\/v2\/users\/5"}],"replies":[{"embeddable":true,"href":"https:\/\/prefeitura.santarosa.rs.gov.br\/index.php?rest_route=%2Fwp%2Fv2%2Fcomments&post=6018"}],"version-history":[{"count":1,"href":"https:\/\/prefeitura.santarosa.rs.gov.br\/index.php?rest_route=\/wp\/v2\/posts\/6018\/revisions"}],"predecessor-version":[{"id":6021,"href":"https:\/\/prefeitura.santarosa.rs.gov.br\/index.php?rest_route=\/wp\/v2\/posts\/6018\/revisions\/6021"}],"wp:featuredmedia":[{"embeddable":true,"href":"https:\/\/prefeitura.santarosa.rs.gov.br\/index.php?rest_route=\/wp\/v2\/media\/6020"}],"wp:attachment":[{"href":"https:\/\/prefeitura.santarosa.rs.gov.br\/index.php?rest_route=%2Fwp%2Fv2%2Fmedia&parent=6018"}],"wp:term":[{"taxonomy":"category","embeddable":true,"href":"https:\/\/prefeitura.santarosa.rs.gov.br\/index.php?rest_route=%2Fwp%2Fv2%2Fcategories&post=6018"},{"taxonomy":"post_tag","embeddable":true,"href":"https:\/\/prefeitura.santarosa.rs.gov.br\/index.php?rest_route=%2Fwp%2Fv2%2Ftags&post=6018"}],"curies":[{"name":"wp","href":"https:\/\/api.w.org\/{rel}","templated":true}]}}