{"id":5945,"date":"2023-02-15T08:13:49","date_gmt":"2023-02-15T11:13:49","guid":{"rendered":"https:\/\/prefeitura.santarosa.rs.gov.br\/?p=5945"},"modified":"2024-10-07T09:53:47","modified_gmt":"2024-10-07T12:53:47","slug":"governo-municipal-garante-recurso-de-r-43-milhoes-para-a-ampliacao-do-aeroporto-de-santa-rosa","status":"publish","type":"post","link":"https:\/\/prefeitura.santarosa.rs.gov.br\/?p=5945","title":{"rendered":"Governo Municipal garante recurso de R$ 43 milh\u00f5es para a amplia\u00e7\u00e3o do Aeroporto de Santa Rosa"},"content":{"rendered":"\n<figure class=\"wp-block-image size-full\"><img fetchpriority=\"high\" decoding=\"async\" width=\"860\" height=\"645\" src=\"https:\/\/prefeitura.santarosa.rs.gov.br\/wp-content\/uploads\/2023\/02\/Formato-Site-e-Portal-860X645-JPG-39.jpg\" alt=\"\" class=\"wp-image-5946\" srcset=\"https:\/\/prefeitura.santarosa.rs.gov.br\/wp-content\/uploads\/2023\/02\/Formato-Site-e-Portal-860X645-JPG-39.jpg 860w, https:\/\/prefeitura.santarosa.rs.gov.br\/wp-content\/uploads\/2023\/02\/Formato-Site-e-Portal-860X645-JPG-39-300x225.jpg 300w, https:\/\/prefeitura.santarosa.rs.gov.br\/wp-content\/uploads\/2023\/02\/Formato-Site-e-Portal-860X645-JPG-39-768x576.jpg 768w\" sizes=\"(max-width: 860px) 100vw, 860px\" \/><\/figure>\n\n\n\n<p>O Governo Municipal atrav\u00e9s da Secretaria de Planejamento e Habita\u00e7\u00e3o, anunciou uma atualiza\u00e7\u00e3o do projeto t\u00e9cnico de amplia\u00e7\u00e3o do Aeroporto de Santa Rosa &#8211; Lu\u00eds Alberto Lehr. Ap\u00f3s conv\u00eanio firmado com o Governo Federal, o munic\u00edpio j\u00e1 tem garantido o recurso de R$ 43 milh\u00f5es, para a execu\u00e7\u00e3o das melhorias. No momento, a empresa contratada pela prefeitura para a elabora\u00e7\u00e3o do projeto, est\u00e1 atualizando o or\u00e7amento da obra. Ap\u00f3s essa atualiza\u00e7\u00e3o, o projeto ser\u00e1 enviado novamente para a SAC \u2013 Secretaria de Avia\u00e7\u00e3o Civil, que d\u00e1 o sinal positivo e autoriza a licita\u00e7\u00e3o das obras.\u00a0<\/p>\n\n\n\n<p>Dentre as melhorias previstas, est\u00e1 a amplia\u00e7\u00e3o da pista de pouso. O local que atualmente \u00e9 de 1.200 metros, vai passar para 1.630 metros, al\u00e9m de mais 120 metros de \u00e1reas de seguran\u00e7a pavimentadas (blast pads) e 180 metros de \u00e1rea de seguran\u00e7a n\u00e3o pavimentadas (RESAs), totalizando 1.930 metros de \u00e1rea de pista. Toda essa grande mudan\u00e7a, s\u00f3 vai ser poss\u00edvel por causa da insist\u00eancia do Governo Municipal em buscar recursos e solu\u00e7\u00f5es que promovam o desenvolvimento de Santa Rosa. \u201cEste \u00e9 um dos projetos mais importantes de nossa gest\u00e3o. Acreditamos e estamos trabalhando pelo desenvolvimento de Santa Rosa e o aeroporto \u00e9 fundamental para que possamos seguir evoluindo, crescendo e oferecendo mais qualidade de vida para nossa comunidade\u201d, destacou o Prefeito Anderson Mantei. A prefeitura realizou no ano passado, a aquisi\u00e7\u00e3o de 37 hectares para as obras de amplia\u00e7\u00e3o do aeroporto, totalizando 72 hectares de \u00e1rea.\u00a0<\/p>\n\n\n\n<p>Para esse ano, dezesseis milh\u00f5es de reais do investimento total, foram garantidos atrav\u00e9s da indica\u00e7\u00e3o de emenda parlamentar da Bancada dos Deputados Ga\u00fachos, no Governo Federal. O restante do valor, vai ser disponibilizado durante o pr\u00f3ximo ano. Ap\u00f3s conclu\u00eddas as obras, o Aeroporto de Santa Rosa vai estar autorizado para receber avi\u00f5es de at\u00e9 150 passageiros. O projeto foi desenvolvido para que as aeronaves consigam sair daqui e voar at\u00e9 600 milhas n\u00e1uticas, o que vai possibilitar voos diretos at\u00e9 Curitiba, S\u00e3o Paulo e Campo Grande, por exemplo. Ap\u00f3s a obra ser licitada, a ordem de in\u00edcio \u00e9 emitida e o servi\u00e7o come\u00e7a a ser executado. <\/p>\n","protected":false},"excerpt":{"rendered":"<p>O Governo Municipal atrav\u00e9s da Secretaria de Planejamento e Habita\u00e7\u00e3o, anunciou uma atualiza\u00e7\u00e3o do projeto t\u00e9cnico de amplia\u00e7\u00e3o do Aeroporto<\/p>\n","protected":false},"author":6,"featured_media":5947,"comment_status":"closed","ping_status":"closed","sticky":false,"template":"","format":"standard","meta":{"footnotes":""},"categories":[4,22],"tags":[],"class_list":["post-5945","post","type-post","status-publish","format-standard","has-post-thumbnail","hentry","category-noticias","category-secretaria-municipal-de-planejamento-e-habitacao"],"aioseo_notices":[],"_links":{"self":[{"href":"https:\/\/prefeitura.santarosa.rs.gov.br\/index.php?rest_route=\/wp\/v2\/posts\/5945","targetHints":{"allow":["GET"]}}],"collection":[{"href":"https:\/\/prefeitura.santarosa.rs.gov.br\/index.php?rest_route=\/wp\/v2\/posts"}],"about":[{"href":"https:\/\/prefeitura.santarosa.rs.gov.br\/index.php?rest_route=\/wp\/v2\/types\/post"}],"author":[{"embeddable":true,"href":"https:\/\/prefeitura.santarosa.rs.gov.br\/index.php?rest_route=\/wp\/v2\/users\/6"}],"replies":[{"embeddable":true,"href":"https:\/\/prefeitura.santarosa.rs.gov.br\/index.php?rest_route=%2Fwp%2Fv2%2Fcomments&post=5945"}],"version-history":[{"count":1,"href":"https:\/\/prefeitura.santarosa.rs.gov.br\/index.php?rest_route=\/wp\/v2\/posts\/5945\/revisions"}],"predecessor-version":[{"id":5948,"href":"https:\/\/prefeitura.santarosa.rs.gov.br\/index.php?rest_route=\/wp\/v2\/posts\/5945\/revisions\/5948"}],"wp:featuredmedia":[{"embeddable":true,"href":"https:\/\/prefeitura.santarosa.rs.gov.br\/index.php?rest_route=\/wp\/v2\/media\/5947"}],"wp:attachment":[{"href":"https:\/\/prefeitura.santarosa.rs.gov.br\/index.php?rest_route=%2Fwp%2Fv2%2Fmedia&parent=5945"}],"wp:term":[{"taxonomy":"category","embeddable":true,"href":"https:\/\/prefeitura.santarosa.rs.gov.br\/index.php?rest_route=%2Fwp%2Fv2%2Fcategories&post=5945"},{"taxonomy":"post_tag","embeddable":true,"href":"https:\/\/prefeitura.santarosa.rs.gov.br\/index.php?rest_route=%2Fwp%2Fv2%2Ftags&post=5945"}],"curies":[{"name":"wp","href":"https:\/\/api.w.org\/{rel}","templated":true}]}}