{"id":587,"date":"2021-12-13T17:29:00","date_gmt":"2021-12-13T20:29:00","guid":{"rendered":"https:\/\/prefeitura.santarosa.rs.gov.br\/?p=587"},"modified":"2024-10-07T09:54:41","modified_gmt":"2024-10-07T12:54:41","slug":"prefeito-teve-encontro-na-capital-para-tratar-da-ponte-internacional","status":"publish","type":"post","link":"https:\/\/prefeitura.santarosa.rs.gov.br\/?p=587","title":{"rendered":"Prefeito teve encontro na capital para tratar da Ponte Internacional"},"content":{"rendered":"\n<p>Ele tem uma intensa agenda para tratar de diferentes demandas.<\/p>\n\n\n\n<p>O Prefeito Anderson Mantei come\u00e7ou a semana de trabalhos na capital. Ele tem uma intensa agenda para tratar de diferentes demandas. Entre elas, o prefeito participou nesta segunda-feira de uma reuni\u00e3o para falar sobre a Ponte Internacional.<br><br>Acompanhado do Prefeito Weiss e do Secret\u00e1rio de Planejamento Moser, de Porto Mau\u00e1, o Prefeito Anderson Mantei esteve reunido com o Deputado Federal Bibo Nunes. Na oportunidade eles trataram sobre recursos de emenda parlamentar para o projeto da Ponte Porto Mau\u00e1\/Alba Posse, \u201cFicamos muito satisfeitos com a reuni\u00e3o, pois o deputado nos confirmou emenda para o projeto e estamos conseguindo avan\u00e7ar com essa important\u00edssima pauta da ponte internacional\u201d, destacou Anderson. Entre as agendas que o prefeito far\u00e1 essa semana, na ter\u00e7a-feira(14), ele assinar\u00e1 o conv\u00eanio com o IPE. O objetivo \u00e9 que Santa Rosa volte a ter um escrit\u00f3rio local do conv\u00eanio de sa\u00fade.<\/p>\n","protected":false},"excerpt":{"rendered":"<p>Ele tem uma intensa agenda para tratar de diferentes demandas. O Prefeito Anderson Mantei come\u00e7ou a semana de trabalhos na<\/p>\n","protected":false},"author":3,"featured_media":588,"comment_status":"open","ping_status":"open","sticky":false,"template":"","format":"standard","meta":{"footnotes":""},"categories":[4,3],"tags":[],"class_list":["post-587","post","type-post","status-publish","format-standard","has-post-thumbnail","hentry","category-noticias","category-gabinete-do-prefeito"],"aioseo_notices":[],"_links":{"self":[{"href":"https:\/\/prefeitura.santarosa.rs.gov.br\/index.php?rest_route=\/wp\/v2\/posts\/587","targetHints":{"allow":["GET"]}}],"collection":[{"href":"https:\/\/prefeitura.santarosa.rs.gov.br\/index.php?rest_route=\/wp\/v2\/posts"}],"about":[{"href":"https:\/\/prefeitura.santarosa.rs.gov.br\/index.php?rest_route=\/wp\/v2\/types\/post"}],"author":[{"embeddable":true,"href":"https:\/\/prefeitura.santarosa.rs.gov.br\/index.php?rest_route=\/wp\/v2\/users\/3"}],"replies":[{"embeddable":true,"href":"https:\/\/prefeitura.santarosa.rs.gov.br\/index.php?rest_route=%2Fwp%2Fv2%2Fcomments&post=587"}],"version-history":[{"count":1,"href":"https:\/\/prefeitura.santarosa.rs.gov.br\/index.php?rest_route=\/wp\/v2\/posts\/587\/revisions"}],"predecessor-version":[{"id":589,"href":"https:\/\/prefeitura.santarosa.rs.gov.br\/index.php?rest_route=\/wp\/v2\/posts\/587\/revisions\/589"}],"wp:featuredmedia":[{"embeddable":true,"href":"https:\/\/prefeitura.santarosa.rs.gov.br\/index.php?rest_route=\/wp\/v2\/media\/588"}],"wp:attachment":[{"href":"https:\/\/prefeitura.santarosa.rs.gov.br\/index.php?rest_route=%2Fwp%2Fv2%2Fmedia&parent=587"}],"wp:term":[{"taxonomy":"category","embeddable":true,"href":"https:\/\/prefeitura.santarosa.rs.gov.br\/index.php?rest_route=%2Fwp%2Fv2%2Fcategories&post=587"},{"taxonomy":"post_tag","embeddable":true,"href":"https:\/\/prefeitura.santarosa.rs.gov.br\/index.php?rest_route=%2Fwp%2Fv2%2Ftags&post=587"}],"curies":[{"name":"wp","href":"https:\/\/api.w.org\/{rel}","templated":true}]}}