{"id":5823,"date":"2023-02-01T15:09:34","date_gmt":"2023-02-01T18:09:34","guid":{"rendered":"https:\/\/prefeitura.santarosa.rs.gov.br\/?p=5823"},"modified":"2024-10-07T09:53:48","modified_gmt":"2024-10-07T12:53:48","slug":"meio-ambiente-realizou-plantio-de-mais-de-400-mudas-em-2022","status":"publish","type":"post","link":"https:\/\/prefeitura.santarosa.rs.gov.br\/?p=5823","title":{"rendered":"Meio Ambiente realizou plantio de mais de 400 mudas em 2022"},"content":{"rendered":"\n<figure class=\"wp-block-image size-full\"><img fetchpriority=\"high\" decoding=\"async\" width=\"860\" height=\"645\" src=\"https:\/\/prefeitura.santarosa.rs.gov.br\/wp-content\/uploads\/2023\/02\/Formato-Site-e-Portal-860X645-JPG-89.jpg\" alt=\"\" class=\"wp-image-5824\" srcset=\"https:\/\/prefeitura.santarosa.rs.gov.br\/wp-content\/uploads\/2023\/02\/Formato-Site-e-Portal-860X645-JPG-89.jpg 860w, https:\/\/prefeitura.santarosa.rs.gov.br\/wp-content\/uploads\/2023\/02\/Formato-Site-e-Portal-860X645-JPG-89-300x225.jpg 300w, https:\/\/prefeitura.santarosa.rs.gov.br\/wp-content\/uploads\/2023\/02\/Formato-Site-e-Portal-860X645-JPG-89-768x576.jpg 768w\" sizes=\"(max-width: 860px) 100vw, 860px\" \/><\/figure>\n\n\n\n<p><br>A Secretaria de Meio Ambiente tem intensificado o plantio de mudas em Santa Rosa. Mais de 400 mudas de diferentes esp\u00e9cies arb\u00f3reas ornamentais, como Cerejeira-do-jap\u00e3o, Liquid\u00e2mbar, Ip\u00ea-amarelo, Ip\u00ea-roxo, Ip\u00ea-branco, Jacarand\u00e1 e Escova-de-garrafa, foram plantadas na arboriza\u00e7\u00e3o urbana de diversas ruas e avenidas no munic\u00edpio. O trabalho tem sido realizado em parceria com a RGE, tamb\u00e9m o Conselho Municipal do Meio Ambiente e o Fundo Municipal de Meio Ambiente.\u00a0<br><\/p>\n\n\n\n<p>Das 400 mudas, 300 fazem parte do projeto Arboriza\u00e7\u00e3o + Segura, de iniciativa da RGE e Prefeitura. Essa parceria iniciou em 2017. O projeto visa compensar remo\u00e7\u00f5es de \u00e1rvores que ocorrem quando h\u00e1 riscos de queda ou conflitos irremedi\u00e1veis com a rede de energia el\u00e9trica, com o objetivo de substituir por esp\u00e9cies de porte adequado para as infraestruturas de cada local, garantindo tamb\u00e9m o fornecimento de energia para a popula\u00e7\u00e3o. Segundo a Engenheira Florestal Ana Paula, \u201c\u00e9 de suma import\u00e2ncia que a arboriza\u00e7\u00e3o urbana seja implantada de forma organizada, seguindo as recomenda\u00e7\u00f5es t\u00e9cnicas do Plano de Arboriza\u00e7\u00e3o do Munic\u00edpio, institu\u00eddo pelo Decreto n\u00ba 125\/2016, e a sele\u00e7\u00e3o de esp\u00e9cies compat\u00edveis com as infraestruturas de cada local, visando reduzir conflitos futuros com a rede el\u00e9trica, de \u00e1gua, esgoto, telefonia, cal\u00e7amentos e ilumina\u00e7\u00e3o p\u00fablica, evitar podas desnecess\u00e1rias e potenciais riscos de queda de \u00e1rvores\u201d.<\/p>\n\n\n\n<p><br>As outras 100 mudas foram adquiridas atrav\u00e9s de recursos aprovados pelo Conselho Municipal do Meio Ambiente e Saneamento (CONSEMMAS) com valores depositados no Fundo Municipal de Meio Ambiente, que contabiliza verbas arrecadadas de taxas de licenciamento ambiental e multas aplicadas em fun\u00e7\u00e3o de infra\u00e7\u00f5es ambientais. Nesta oportunidade, foram plantadas mudas da esp\u00e9cie Liquid\u00e2mbar no passeio p\u00fablico da Av. Br\u00e1ulio de Oliveira, trecho compreendido entre a ponte do Rio Pessegueirinho at\u00e9 as proximidades do Instituto Federal Farroupilha \u2013 IFFar. <\/p>\n\n\n\n<p>Ainda, de acordo com o Secret\u00e1rio Jo\u00e3o Carlos de Castro Dorneles, \u201cMuitas outras mudas de esp\u00e9cies nativas e ex\u00f3ticas ornamentais foram plantadas no munic\u00edpio pela popula\u00e7\u00e3o, contabilizando-se que ao longo do ano de 2022 cerca de 4.484 mudas produzidas no Viveiro Municipal foram vendidas aos mun\u00edcipes para plantios em p\u00e1tios, passeios e \u00e1reas rurais\u201d. O secret\u00e1rio destaca ainda que cerca de 2.293 foram doadas para\u00a0 institui\u00e7\u00f5es sem fins lucrativos, como escolas, Rotary, Ongs, entre outras, para implementa\u00e7\u00e3o de projetos em educa\u00e7\u00e3o ambiental.<\/p>\n","protected":false},"excerpt":{"rendered":"<p>A Secretaria de Meio Ambiente tem intensificado o plantio de mudas em Santa Rosa. Mais de 400 mudas de diferentes<\/p>\n","protected":false},"author":5,"featured_media":5825,"comment_status":"open","ping_status":"open","sticky":false,"template":"","format":"standard","meta":{"footnotes":""},"categories":[4,20],"tags":[],"class_list":["post-5823","post","type-post","status-publish","format-standard","has-post-thumbnail","hentry","category-noticias","category-secretaria-municipal-de-meio-ambiente"],"aioseo_notices":[],"_links":{"self":[{"href":"https:\/\/prefeitura.santarosa.rs.gov.br\/index.php?rest_route=\/wp\/v2\/posts\/5823","targetHints":{"allow":["GET"]}}],"collection":[{"href":"https:\/\/prefeitura.santarosa.rs.gov.br\/index.php?rest_route=\/wp\/v2\/posts"}],"about":[{"href":"https:\/\/prefeitura.santarosa.rs.gov.br\/index.php?rest_route=\/wp\/v2\/types\/post"}],"author":[{"embeddable":true,"href":"https:\/\/prefeitura.santarosa.rs.gov.br\/index.php?rest_route=\/wp\/v2\/users\/5"}],"replies":[{"embeddable":true,"href":"https:\/\/prefeitura.santarosa.rs.gov.br\/index.php?rest_route=%2Fwp%2Fv2%2Fcomments&post=5823"}],"version-history":[{"count":1,"href":"https:\/\/prefeitura.santarosa.rs.gov.br\/index.php?rest_route=\/wp\/v2\/posts\/5823\/revisions"}],"predecessor-version":[{"id":5826,"href":"https:\/\/prefeitura.santarosa.rs.gov.br\/index.php?rest_route=\/wp\/v2\/posts\/5823\/revisions\/5826"}],"wp:featuredmedia":[{"embeddable":true,"href":"https:\/\/prefeitura.santarosa.rs.gov.br\/index.php?rest_route=\/wp\/v2\/media\/5825"}],"wp:attachment":[{"href":"https:\/\/prefeitura.santarosa.rs.gov.br\/index.php?rest_route=%2Fwp%2Fv2%2Fmedia&parent=5823"}],"wp:term":[{"taxonomy":"category","embeddable":true,"href":"https:\/\/prefeitura.santarosa.rs.gov.br\/index.php?rest_route=%2Fwp%2Fv2%2Fcategories&post=5823"},{"taxonomy":"post_tag","embeddable":true,"href":"https:\/\/prefeitura.santarosa.rs.gov.br\/index.php?rest_route=%2Fwp%2Fv2%2Ftags&post=5823"}],"curies":[{"name":"wp","href":"https:\/\/api.w.org\/{rel}","templated":true}]}}